{"id":901,"date":"2014-03-28T00:00:00","date_gmt":"2014-03-28T03:00:00","guid":{"rendered":"https:\/\/hostnetart.com.br\/baixada\/juros-para-cheque-especial-chegaram-a-156-6-ao-ano-em-fevereiro\/"},"modified":"2014-03-28T00:00:00","modified_gmt":"2014-03-28T03:00:00","slug":"juros-para-cheque-especial-chegaram-a-156-6-ao-ano-em-fevereiro","status":"publish","type":"post","link":"https:\/\/hostnetart.com.br\/baixada\/juros-para-cheque-especial-chegaram-a-156-6-ao-ano-em-fevereiro\/","title":{"rendered":"Juros para cheque especial chegaram a 156,6% ao ano em fevereiro"},"content":{"rendered":"<p>Os juros dos bancos continuaram subindo em fevereiro. A taxa do cheque especial subiu 2,6 pontos percentuais, para 156,6% ao ano, e do cr\u00e9dito pessoal, 3,4 pontos percentuais, para 94,6% ao ano, de acordo com dados anunciados nesta quarta-feira (26) pelo Banco Central (BC).<\/p>\n<p>As taxas de juros cobradas pelos bancos no cr\u00e9dito para empresas e fam\u00edlias tamb\u00e9m subiram. Conforme o BC, no caso das pessoas f\u00edsicas, de janeiro para fevereiro, a alta ficou em 1,3 ponto percentual, para 41,2% ao ano.<\/p>\n<p>Para o BC, a alta na taxa m\u00e9dia cobrada das fam\u00edlias ocorreu por influ\u00eancia do aumento dos juros cobrados pelo uso do cheque especial e do cr\u00e9dito pessoal n\u00e3o consignado em folha de pagamento.<\/p>\n<p>As empresas pagaram taxa m\u00e9dia de 23,1% ao ano, em fevereiro, com alta de 0,3 ponto percentual em rela\u00e7\u00e3o a janeiro. As taxas subiram mesmo com a queda na inadimpl\u00eancia das fam\u00edlias. A inadimpl\u00eancia, considerados atrasos superiores a 90 dias, caiu 0,1 ponto percentual, para 6,5%. No caso das empresas, houve alta de 0,1 ponto percentual para 3,3%.<\/p>\n<p>Esses dados s\u00e3o do cr\u00e9dito com recursos livres, em que as institui\u00e7\u00f5es t\u00eam autonomia para aplicar o dinheiro captado no mercado e definir as taxas de juros. O BC tamb\u00e9m divulga informa\u00e7\u00f5es sobre o cr\u00e9dito direcionado (empr\u00e9stimos com regras definidas pelo governo, destinados, basicamente, aos setores habitacional, rural e de infraestrutura). Nesse segmento, houve redu\u00e7\u00e3o das taxas de juros em 0,5 ponto percentual para 7,2% ao ano para pessoas f\u00edsicas e em 0,1 ponto percentual para 7,9% ao ano para as empresas.<\/p>\n<p>O saldo das opera\u00e7\u00f5es de cr\u00e9dito do sistema financeiro chegou a R$ 2,733 trilh\u00f5es, sendo que a maior parte (R$ 1,492 trilh\u00e3o) \u00e9 cr\u00e9dito livre. Esse saldo correspondeu a 55,8% do Produto Interno Bruto (PIB), soma de todos os bens e servi\u00e7os produzidos no pa\u00eds. \u00c9 o mesmo percentual registrado em janeiro.<\/p>\n<p>Fonte: Contraf-CUT com Ag\u00eancia Brasil<\/p>\n","protected":false},"excerpt":{"rendered":"<p>Os juros dos bancos continuaram subindo em fevereiro. A taxa do cheque especial subiu 2,6 pontos percentuais, para 156,6% ao ano, e do cr\u00e9dito pessoal, 3,4 pontos percentuais, para 94,6% ao ano, de acordo com dados anunciados nesta quarta-feira (26) pelo Banco Central (BC). As taxas de juros cobradas pelos bancos no cr\u00e9dito para empresas [&hellip;]<\/p>\n","protected":false},"author":1,"featured_media":0,"comment_status":"","ping_status":"","sticky":false,"template":"","format":"standard","meta":{"footnotes":""},"categories":[3],"tags":[],"class_list":["post-901","post","type-post","status-publish","format-standard","hentry","category-noticias"],"_links":{"self":[{"href":"https:\/\/hostnetart.com.br\/baixada\/wp-json\/wp\/v2\/posts\/901","targetHints":{"allow":["GET"]}}],"collection":[{"href":"https:\/\/hostnetart.com.br\/baixada\/wp-json\/wp\/v2\/posts"}],"about":[{"href":"https:\/\/hostnetart.com.br\/baixada\/wp-json\/wp\/v2\/types\/post"}],"author":[{"embeddable":true,"href":"https:\/\/hostnetart.com.br\/baixada\/wp-json\/wp\/v2\/users\/1"}],"replies":[{"embeddable":true,"href":"https:\/\/hostnetart.com.br\/baixada\/wp-json\/wp\/v2\/comments?post=901"}],"version-history":[{"count":0,"href":"https:\/\/hostnetart.com.br\/baixada\/wp-json\/wp\/v2\/posts\/901\/revisions"}],"wp:attachment":[{"href":"https:\/\/hostnetart.com.br\/baixada\/wp-json\/wp\/v2\/media?parent=901"}],"wp:term":[{"taxonomy":"category","embeddable":true,"href":"https:\/\/hostnetart.com.br\/baixada\/wp-json\/wp\/v2\/categories?post=901"},{"taxonomy":"post_tag","embeddable":true,"href":"https:\/\/hostnetart.com.br\/baixada\/wp-json\/wp\/v2\/tags?post=901"}],"curies":[{"name":"wp","href":"https:\/\/api.w.org\/{rel}","templated":true}]}}