{"id":9008,"date":"2020-06-02T18:04:52","date_gmt":"2020-06-02T21:04:52","guid":{"rendered":"https:\/\/hostnetart.com.br\/baixada\/junho-e-o-mes-da-comunidade-lgbtqia\/"},"modified":"2020-06-02T18:04:52","modified_gmt":"2020-06-02T21:04:52","slug":"junho-e-o-mes-da-comunidade-lgbtqia","status":"publish","type":"post","link":"https:\/\/hostnetart.com.br\/baixada\/junho-e-o-mes-da-comunidade-lgbtqia\/","title":{"rendered":"Junho \u00e9 o m\u00eas da comunidade LGBTQIA+"},"content":{"rendered":"<p>O m\u00eas de junho \u00e9 o m\u00eas da comunidade LGBTQIA+. Por\u00e9m, devido \u00e0 pandemia do coronav\u00edrus (Covid-19), os tradicionais eventos comemorativos, que antes tomavam ruas de v\u00e1rias cidades do pa\u00eds, neste m\u00eas, acontecer\u00e3o pela web. O objetivo \u00e9 mostrar que mesmo com todos os desafios, a popula\u00e7\u00e3o LGBTQIA+ permanece unida na luta pelos direitos e na celebra\u00e7\u00e3o do amor, respeitando o isolamento social.<\/p>\n<p>De acordo com Adilson Barros, diretor da Confedera\u00e7\u00e3o Nacional dos Trabalhadores do Ramo Financeiro (Contraf-CUT), as celebra\u00e7\u00f5es acontecem no m\u00eas de junho para lembrar a revolta de Stonewall. \u201cA revolta de Stonewall marcou a hist\u00f3ria da comunidade LGBTQIA+ na luta pelos direitos e pela liberdade. Desde ent\u00e3o comemoramos cada conquista e lutamos ainda mais para que o \u00f3dio nunca tome o lugar do amor\u201d, disse.<\/p>\n<p>Uma das celebra\u00e7\u00f5es que v\u00e3o acontecer pela web \u00e9 a Parada do Orgulho LGBT de S\u00e3o Paulo, a maior do mundo, que ser\u00e1 transmitida pelo Youtube, no dia 14. Com o tema Parada Pela Solidariedade, o evento visa arrecadas doa\u00e7\u00f5es para ONGS e entidades que ajudam pessoas LGBTQIA+, que est\u00e3o em situa\u00e7\u00e3o de vulnerabilidade devido a Covid-19.<\/p>\n<p>A programa\u00e7\u00e3o tamb\u00e9m conta, no dia 27, com a transmiss\u00e3o ao vivo, da Parada Global. O evento que ter\u00e1 dura\u00e7\u00e3o de 24 horas ter\u00e1 a participa\u00e7\u00e3o de l\u00edderes globais, popstars e drag queens. Cerca de 1500 paradas realizadas em todo o mundo foram convidadas para a live.<\/p>\n<p><strong>Fonte: Contraf-CUT<\/strong><\/p>\n","protected":false},"excerpt":{"rendered":"<p>O m\u00eas de junho \u00e9 o m\u00eas da comunidade LGBTQIA+. Por\u00e9m, devido \u00e0 pandemia do coronav\u00edrus (Covid-19), os tradicionais eventos comemorativos, que antes tomavam ruas de v\u00e1rias cidades do pa\u00eds, neste m\u00eas, acontecer\u00e3o pela web. O objetivo \u00e9 mostrar que mesmo com todos os desafios, a popula\u00e7\u00e3o LGBTQIA+ permanece unida na luta pelos direitos e [&hellip;]<\/p>\n","protected":false},"author":2,"featured_media":9007,"comment_status":"","ping_status":"","sticky":false,"template":"","format":"standard","meta":{"footnotes":""},"categories":[3],"tags":[],"class_list":["post-9008","post","type-post","status-publish","format-standard","has-post-thumbnail","hentry","category-noticias"],"_links":{"self":[{"href":"https:\/\/hostnetart.com.br\/baixada\/wp-json\/wp\/v2\/posts\/9008","targetHints":{"allow":["GET"]}}],"collection":[{"href":"https:\/\/hostnetart.com.br\/baixada\/wp-json\/wp\/v2\/posts"}],"about":[{"href":"https:\/\/hostnetart.com.br\/baixada\/wp-json\/wp\/v2\/types\/post"}],"author":[{"embeddable":true,"href":"https:\/\/hostnetart.com.br\/baixada\/wp-json\/wp\/v2\/users\/2"}],"replies":[{"embeddable":true,"href":"https:\/\/hostnetart.com.br\/baixada\/wp-json\/wp\/v2\/comments?post=9008"}],"version-history":[{"count":0,"href":"https:\/\/hostnetart.com.br\/baixada\/wp-json\/wp\/v2\/posts\/9008\/revisions"}],"wp:featuredmedia":[{"embeddable":true,"href":"https:\/\/hostnetart.com.br\/baixada\/wp-json\/wp\/v2\/media\/9007"}],"wp:attachment":[{"href":"https:\/\/hostnetart.com.br\/baixada\/wp-json\/wp\/v2\/media?parent=9008"}],"wp:term":[{"taxonomy":"category","embeddable":true,"href":"https:\/\/hostnetart.com.br\/baixada\/wp-json\/wp\/v2\/categories?post=9008"},{"taxonomy":"post_tag","embeddable":true,"href":"https:\/\/hostnetart.com.br\/baixada\/wp-json\/wp\/v2\/tags?post=9008"}],"curies":[{"name":"wp","href":"https:\/\/api.w.org\/{rel}","templated":true}]}}