{"id":9006,"date":"2020-06-02T18:03:13","date_gmt":"2020-06-02T21:03:13","guid":{"rendered":"https:\/\/hostnetart.com.br\/baixada\/lives-ajudam-a-compreender-cotidiano-dos-bancarios-na-pandemia\/"},"modified":"2020-06-02T18:03:13","modified_gmt":"2020-06-02T21:03:13","slug":"lives-ajudam-a-compreender-cotidiano-dos-bancarios-na-pandemia","status":"publish","type":"post","link":"https:\/\/hostnetart.com.br\/baixada\/lives-ajudam-a-compreender-cotidiano-dos-bancarios-na-pandemia\/","title":{"rendered":"Lives ajudam a compreender cotidiano dos banc\u00e1rios na pandemia"},"content":{"rendered":"<p>A Central dos Trabalhadores do Brasil (CTB) e a Federa\u00e7\u00e3o dos Banc\u00e1rios da Bahia e Sergipe realizam nesta ter\u00e7a-feira (2) uma transmiss\u00e3o ao vivo (live) para debater a import\u00e2ncia dos bancos p\u00fablicos para o desenvolvimento do Brasil. Na quarta-feira (3), a live ser\u00e1 organizada pela Confedera\u00e7\u00e3o Nacional dos Trabalhadores do Ramo Financeiro (Contraf-CUT) e atualizar\u00e1 a situa\u00e7\u00e3o do cumprimento pelos bancos dos protocolos de seguran\u00e7a e sa\u00fade dos banc\u00e1rios e clientes, al\u00e9m de outros temas de interesse da categoria e dos trabalhadores em geral.<\/p>\n<p>\u201cAs lives s\u00e3o uma excelente forma de atualizar as informa\u00e7\u00f5es sobre quest\u00f5es que envolvem o dia a dia da categoria e da sociedade como um todo. Para os dirigentes sindicais, a participa\u00e7\u00e3o \u00e9 fundamental e, para os banc\u00e1rios das bases, ajuda a esclarecer d\u00favidas que surgem diariamente no cotidiano de trabalho\u201d, afirmou o secret\u00e1rio de Comunica\u00e7\u00e3o da Contraf-CUT, Gerson Carlos Pereira. \u201cTodos temos muito a ganhar ao participarmos\u201d, completou.<\/p>\n<h3>Defesa dos bancos p\u00fablicos<\/h3>\n<p>A live desta ter\u00e7a-feira contar\u00e1 com a participa\u00e7\u00e3o do governador do Maranh\u00e3o, Fl\u00e1vio Dino, da presidenta da Confedera\u00e7\u00e3o Nacional dos Trabalhadores do Ramo Financeiro (Contraf-CUT) e coordenadora do Comando Nacional dos Banc\u00e1rios, Juvandia Moreira, e do presidente do Sindicato dos Banc\u00e1rios da Bahia, Augusto Vasconcelos, e poder\u00e1 ser acompanhada pela p\u00e1gina da CTB no Facebook (@portalctb) ou pela TVClassista, no Youtube.<\/p>\n<p>O tema principal girar\u00e1 em torno da defesa dos bancos p\u00fablicos, que se torna ainda mais importante neste momento de crise causada pelo novo coronav\u00edrus (Covid-19). S\u00e3o estes bancos que fornecer\u00e3o o cr\u00e9dito necess\u00e1rio para financiar a agricultura, as pequenas e m\u00e9dias empresas, as ind\u00fastrias e fomentar\u00e1 obras e pol\u00edticas sociais para gerar emprego e renda para os brasileiros e promover a recupera\u00e7\u00e3o econ\u00f4mica do pa\u00eds. Por isso \u00e9 t\u00e3o importante defender estas institui\u00e7\u00f5es dos ataques do governo Bolsonaro, que insiste em tentar enfraquecer o papel social destes bancos para privatiz\u00e1-los no futuro.<\/p>\n<h3>Fique por dentro<\/h3>\n<p>Na quarta-feira, a presidenta da Contraf-CUT atualizar\u00e1 as informa\u00e7\u00f5es sobre as negocia\u00e7\u00f5es com os bancos sobre as medidas para resguardar a sa\u00fade da categoria e as medidas tomadas pelos governos federal, estaduais e municipais sobre a pandemia, como a aprova\u00e7\u00e3o pela C\u00e2mara dos Deputados da MP 936 e da antecipa\u00e7\u00e3o de feriados em S\u00e3o Paulo, bem com as consequ\u00eancias que elas t\u00eam sobre a categoria.<\/p>\n<p>Os convidados da live da Contraf-CUT desta quarta-feira ser\u00e3o a presidenta da Federa\u00e7\u00e3o dos Banc\u00e1rios do Estado de S\u00e3o Paulo (<a href=\"http:\/\/fetecsp.org.br\/\" target=\"_blank\" rel=\"noopener noreferrer\">Fetec-CUT\/SP<\/a>), Aline Molina, o presidente da Federa\u00e7\u00e3o dos Banc\u00e1rios do Centro-Norte (<a href=\"http:\/\/www.feteccn.com.br\/\" target=\"_blank\" rel=\"noopener noreferrer\">Fetec-CUT\/CN<\/a>), Cleiton dos Santos, e o presidente da Federa\u00e7\u00e3o dos Trabalhadores em Institui\u00e7\u00f5es Financeiras de Santa Catarina (<a href=\"https:\/\/www.fetrafisc.org\/\" target=\"_blank\" rel=\"noopener noreferrer\">Fetrafi-SC<\/a>), Jacir Zimmer.<\/p>\n<p><strong>Fonte: Contraf-CUT<\/strong><\/p>\n","protected":false},"excerpt":{"rendered":"<p>A Central dos Trabalhadores do Brasil (CTB) e a Federa\u00e7\u00e3o dos Banc\u00e1rios da Bahia e Sergipe realizam nesta ter\u00e7a-feira (2) uma transmiss\u00e3o ao vivo (live) para debater a import\u00e2ncia dos bancos p\u00fablicos para o desenvolvimento do Brasil. Na quarta-feira (3), a live ser\u00e1 organizada pela Confedera\u00e7\u00e3o Nacional dos Trabalhadores do Ramo Financeiro (Contraf-CUT) e atualizar\u00e1 [&hellip;]<\/p>\n","protected":false},"author":2,"featured_media":9005,"comment_status":"","ping_status":"","sticky":false,"template":"","format":"standard","meta":{"footnotes":""},"categories":[3],"tags":[],"class_list":["post-9006","post","type-post","status-publish","format-standard","has-post-thumbnail","hentry","category-noticias"],"_links":{"self":[{"href":"https:\/\/hostnetart.com.br\/baixada\/wp-json\/wp\/v2\/posts\/9006","targetHints":{"allow":["GET"]}}],"collection":[{"href":"https:\/\/hostnetart.com.br\/baixada\/wp-json\/wp\/v2\/posts"}],"about":[{"href":"https:\/\/hostnetart.com.br\/baixada\/wp-json\/wp\/v2\/types\/post"}],"author":[{"embeddable":true,"href":"https:\/\/hostnetart.com.br\/baixada\/wp-json\/wp\/v2\/users\/2"}],"replies":[{"embeddable":true,"href":"https:\/\/hostnetart.com.br\/baixada\/wp-json\/wp\/v2\/comments?post=9006"}],"version-history":[{"count":0,"href":"https:\/\/hostnetart.com.br\/baixada\/wp-json\/wp\/v2\/posts\/9006\/revisions"}],"wp:featuredmedia":[{"embeddable":true,"href":"https:\/\/hostnetart.com.br\/baixada\/wp-json\/wp\/v2\/media\/9005"}],"wp:attachment":[{"href":"https:\/\/hostnetart.com.br\/baixada\/wp-json\/wp\/v2\/media?parent=9006"}],"wp:term":[{"taxonomy":"category","embeddable":true,"href":"https:\/\/hostnetart.com.br\/baixada\/wp-json\/wp\/v2\/categories?post=9006"},{"taxonomy":"post_tag","embeddable":true,"href":"https:\/\/hostnetart.com.br\/baixada\/wp-json\/wp\/v2\/tags?post=9006"}],"curies":[{"name":"wp","href":"https:\/\/api.w.org\/{rel}","templated":true}]}}