{"id":9004,"date":"2020-06-02T04:06:12","date_gmt":"2020-06-02T07:06:12","guid":{"rendered":"https:\/\/hostnetart.com.br\/baixada\/brasil-passa-de-meio-milhao-de-casos-e-se-aproxima-de-30-mil-mortos-pela-covid-19\/"},"modified":"2020-06-02T04:06:12","modified_gmt":"2020-06-02T07:06:12","slug":"brasil-passa-de-meio-milhao-de-casos-e-se-aproxima-de-30-mil-mortos-pela-covid-19","status":"publish","type":"post","link":"https:\/\/hostnetart.com.br\/baixada\/brasil-passa-de-meio-milhao-de-casos-e-se-aproxima-de-30-mil-mortos-pela-covid-19\/","title":{"rendered":"Brasil passa de meio milh\u00e3o de casos e se aproxima de 30 mil mortos pela covid-19"},"content":{"rendered":"<p>Como j\u00e1 se tornou praxe devido \u00e0 metodologia do Minist\u00e9rio da Sa\u00fade para apurar o quadro da pandemia de coronav\u00edrus no Brasil, o n\u00famero de \u00f3bitos divulgado no boletim desta segunda-feira (1\u00ba) aponta queda em rela\u00e7\u00e3o aos boletins anteriores. Como nem todos os dados do domingo foram computados a tempo, o pa\u00eds registrou oficialmente mais 623 mortes pela covid-19 nas \u00faltimas 24 horas. Com isso, o Brasil tem 29.937 v\u00edtimas oficiais da \u201cgripezinha\u201d, termo usado pelo presidente Jair Bolsonaro.<\/p>\n<p>Em um m\u00eas, o n\u00famero de mortos cresceu cerca de cinco vezes, saltando de perto de 6 mil no in\u00edcio de maio para os quase 30 mil de hoje. O n\u00famero de casos tamb\u00e9m vem recentemente dando saltos recordes a cada dia. Oficialmente, s\u00e3o 526.447 doentes.<\/p>\n<p>Segundo pa\u00eds mais afetado pelo v\u00edrus, atr\u00e1s apenas dos Estados Unidos, o Brasil j\u00e1 \u00e9 o quarto do planeta em total de mortes, ultrapassando que pa\u00edses que j\u00e1 foram epicentros da pandemia, como Espanha e Fran\u00e7a. Ainda somam mais mortos que o Brasil a It\u00e1lia (33.229), Reino Unido (38.243) e Estados Unidos (102.516).<\/p>\n<p>A Organiza\u00e7\u00e3o Mundial da Sa\u00fade classifica o Brasil como o atual epicentro do novo coronav\u00edrus no mundo, em raz\u00e3o do alto n\u00famero de mortes di\u00e1rias. Pa\u00edses que j\u00e1 viveram dias piores, entenderam a gravidade da situa\u00e7\u00e3o e aceitaram a necessidade de isolamento social como \u00fanica forma eficaz de conter o avan\u00e7o do cont\u00e1gio, agora come\u00e7am a ver suas trag\u00e9dias se abrandarem. A Espanha, por exemplo, n\u00e3o registrou mortos pela covid-19 hoje.<\/p>\n<p>Outro fator de preocupa\u00e7\u00e3o \u00e9 com a evolu\u00e7\u00e3o do v\u00edrus no Brasil. Para a OMS, o pa\u00eds ainda n\u00e3o chegou em seu pior momento. A curva epidemiol\u00f3gica segue ascendente, e a subnotifica\u00e7\u00e3o \u00e9 enorme no Brasil, reconhecida, inclusive, por autoridades sanit\u00e1rias e atestada por universidades e institutos de pesquisa brasileiros e internacionais.<\/p>\n<p>As estimativas s\u00e3o de que uma distor\u00e7\u00e3o entre sete e 12 vezes maior que os n\u00fameros oficiais. E h\u00e1 um consenso geral de que os infectados, na realidade, est\u00e3o na casa dos milh\u00f5es.<\/p>\n<h3>Epicentro local<\/h3>\n<p>No Brasil, o maior n\u00famero de infectados e mortes continua em S\u00e3o Paulo: s\u00e3o 111.296 registros oficiais e 7.667 \u00f3bitos. Na capital paulista \u00e9 evidente o comportamento do coronav\u00edrus, que avan\u00e7a sobre os mais pobres, v\u00edtimas da impossibilidade de manter o isolamento social sem\u00a0<a href=\"https:\/\/www.redebrasilatual.com.br\/trabalho\/2020\/05\/brasil-corre-o-risco-de-se-tornar-tambem-o-epicentro-do-desemprego\/\" target=\"_blank\" rel=\"noopener noreferrer\">garantias m\u00ednimas de sobreviv\u00eancia<\/a>, como vem sendo negado pelo governo Bolsonaro.<\/p>\n<p>Enquanto isso, o governador Jo\u00e3o Doria e o prefeito da capital, Bruno Covas, ambos do PSDB, colocam em andamento o afrouxamento das medidas de isolamento social e prote\u00e7\u00e3o \u00e0 popula\u00e7\u00e3o. Os\u00a0<a href=\"https:\/\/www.redebrasilatual.com.br\/saude-e-ciencia\/2020\/06\/enquanto-sao-paulo-reabre-comercio-mortes-por-covid-19-na-periferia-nao-param-de-crescer\/\" target=\"_blank\" rel=\"noopener noreferrer\">20 distritos mais pobres da capital paulista respondem por quase 30% das mortes ocorridas<\/a>\u00a0desde 17 de abril e acumulam 2.127 \u00f3bitos.<\/p>\n<p>Situa\u00e7\u00e3o semelhante ao Rio de Janeiro, que apresenta mais de 200 mortes por dia em m\u00e9dia nas \u00faltimas semanas, mas que o prefeito da capital, Marcelo Crivella (PRB), tamb\u00e9m come\u00e7a a por fim em medidas de isolamento. Praias e cal\u00e7ad\u00f5es est\u00e3o reabrindo na cidade.<\/p>\n<p><strong>Fonte: Rede Brasil Atual<\/strong><\/p>\n","protected":false},"excerpt":{"rendered":"<p>Como j\u00e1 se tornou praxe devido \u00e0 metodologia do Minist\u00e9rio da Sa\u00fade para apurar o quadro da pandemia de coronav\u00edrus no Brasil, o n\u00famero de \u00f3bitos divulgado no boletim desta segunda-feira (1\u00ba) aponta queda em rela\u00e7\u00e3o aos boletins anteriores. Como nem todos os dados do domingo foram computados a tempo, o pa\u00eds registrou oficialmente mais [&hellip;]<\/p>\n","protected":false},"author":2,"featured_media":9003,"comment_status":"","ping_status":"","sticky":false,"template":"","format":"standard","meta":{"footnotes":""},"categories":[3],"tags":[],"class_list":["post-9004","post","type-post","status-publish","format-standard","has-post-thumbnail","hentry","category-noticias"],"_links":{"self":[{"href":"https:\/\/hostnetart.com.br\/baixada\/wp-json\/wp\/v2\/posts\/9004","targetHints":{"allow":["GET"]}}],"collection":[{"href":"https:\/\/hostnetart.com.br\/baixada\/wp-json\/wp\/v2\/posts"}],"about":[{"href":"https:\/\/hostnetart.com.br\/baixada\/wp-json\/wp\/v2\/types\/post"}],"author":[{"embeddable":true,"href":"https:\/\/hostnetart.com.br\/baixada\/wp-json\/wp\/v2\/users\/2"}],"replies":[{"embeddable":true,"href":"https:\/\/hostnetart.com.br\/baixada\/wp-json\/wp\/v2\/comments?post=9004"}],"version-history":[{"count":0,"href":"https:\/\/hostnetart.com.br\/baixada\/wp-json\/wp\/v2\/posts\/9004\/revisions"}],"wp:featuredmedia":[{"embeddable":true,"href":"https:\/\/hostnetart.com.br\/baixada\/wp-json\/wp\/v2\/media\/9003"}],"wp:attachment":[{"href":"https:\/\/hostnetart.com.br\/baixada\/wp-json\/wp\/v2\/media?parent=9004"}],"wp:term":[{"taxonomy":"category","embeddable":true,"href":"https:\/\/hostnetart.com.br\/baixada\/wp-json\/wp\/v2\/categories?post=9004"},{"taxonomy":"post_tag","embeddable":true,"href":"https:\/\/hostnetart.com.br\/baixada\/wp-json\/wp\/v2\/tags?post=9004"}],"curies":[{"name":"wp","href":"https:\/\/api.w.org\/{rel}","templated":true}]}}