{"id":9002,"date":"2020-06-02T04:05:32","date_gmt":"2020-06-02T07:05:32","guid":{"rendered":"https:\/\/hostnetart.com.br\/baixada\/empregados-da-caixa-que-contrairam-coronavirus-devem-abrir-cat\/"},"modified":"2020-06-02T04:05:32","modified_gmt":"2020-06-02T07:05:32","slug":"empregados-da-caixa-que-contrairam-coronavirus-devem-abrir-cat","status":"publish","type":"post","link":"https:\/\/hostnetart.com.br\/baixada\/empregados-da-caixa-que-contrairam-coronavirus-devem-abrir-cat\/","title":{"rendered":"Empregados da Caixa que contra\u00edram coronav\u00edrus devem abrir CAT"},"content":{"rendered":"<p>A Comiss\u00e3o Executiva dos Empregados (CEE) da Caixa orienta a todos os empregados infectados pela Covid-19 a procurar o banco para a abertura da Comunica\u00e7\u00e3o de Acidente de Trabalho (CAT). Isso porque, O Supremo Tribunal Federal (STF) reconheceu que a contamina\u00e7\u00e3o por Coronav\u00edrus se caracteriza como acidente de trabalho, ap\u00f3s uma Medida Provis\u00f3ria ter criado uma norma falando o contr\u00e1rio. \u201cO inequ\u00edvoco aumento do risco de contamina\u00e7\u00e3o pelo v\u00edrus, decorrente da obriga\u00e7\u00e3o de se trabalhar fora dos limites da pr\u00f3pria resid\u00eancia, que acomete os trabalhadores submetidos a esta situa\u00e7\u00e3o, e as caracter\u00edsticas do SARS-Cov 2 e sua forma de dissemina\u00e7\u00e3o, s\u00e3o suficientes para que se presuma que o adoecimento pela Covid-19 est\u00e1 relacionado ao trabalho, cabendo o \u00f4nus da prova \u00e0queles que defenderem o contr\u00e1rio. Aos trabalhadores acometidos devem ser garantidos todos os direitos legais decorrentes desse reconhecimento\u201d, afirma Maria Maeno, m\u00e9dica pesquisadora em sa\u00fade do trabalhador.<br \/>Caso o banco se recuse, o empregado deve procurar o sindicato de sua base para emitir o CAT. \u201c\u00c9 muito comum que os gestores demorem ou, at\u00e9 mesmo, se neguem a emitir a CAT. Nessa hora, os colegas devem procurar o sindicato para denunciar a pr\u00e1tica e, principalmente, emitir a CAT, que \u00e9 um documento reconhecendo um acidente de trabalho ou de trajeto, bem como uma doen\u00e7a ocupacional.\u201d, lembra Fabiana Uehara Proscholdt, secret\u00e1ria da Cultura e representante da Confedera\u00e7\u00e3o Nacional dos Trabalhadores do Ramo Financeiro (Contraf-CUT) nas negocia\u00e7\u00f5es com o banco.<\/p>\n<p><strong>Fonte: Contraf-CUT<\/strong><\/p>\n","protected":false},"excerpt":{"rendered":"<p>A Comiss\u00e3o Executiva dos Empregados (CEE) da Caixa orienta a todos os empregados infectados pela Covid-19 a procurar o banco para a abertura da Comunica\u00e7\u00e3o de Acidente de Trabalho (CAT). Isso porque, O Supremo Tribunal Federal (STF) reconheceu que a contamina\u00e7\u00e3o por Coronav\u00edrus se caracteriza como acidente de trabalho, ap\u00f3s uma Medida Provis\u00f3ria ter criado [&hellip;]<\/p>\n","protected":false},"author":2,"featured_media":9001,"comment_status":"","ping_status":"","sticky":false,"template":"","format":"standard","meta":{"footnotes":""},"categories":[3],"tags":[],"class_list":["post-9002","post","type-post","status-publish","format-standard","has-post-thumbnail","hentry","category-noticias"],"_links":{"self":[{"href":"https:\/\/hostnetart.com.br\/baixada\/wp-json\/wp\/v2\/posts\/9002","targetHints":{"allow":["GET"]}}],"collection":[{"href":"https:\/\/hostnetart.com.br\/baixada\/wp-json\/wp\/v2\/posts"}],"about":[{"href":"https:\/\/hostnetart.com.br\/baixada\/wp-json\/wp\/v2\/types\/post"}],"author":[{"embeddable":true,"href":"https:\/\/hostnetart.com.br\/baixada\/wp-json\/wp\/v2\/users\/2"}],"replies":[{"embeddable":true,"href":"https:\/\/hostnetart.com.br\/baixada\/wp-json\/wp\/v2\/comments?post=9002"}],"version-history":[{"count":0,"href":"https:\/\/hostnetart.com.br\/baixada\/wp-json\/wp\/v2\/posts\/9002\/revisions"}],"wp:featuredmedia":[{"embeddable":true,"href":"https:\/\/hostnetart.com.br\/baixada\/wp-json\/wp\/v2\/media\/9001"}],"wp:attachment":[{"href":"https:\/\/hostnetart.com.br\/baixada\/wp-json\/wp\/v2\/media?parent=9002"}],"wp:term":[{"taxonomy":"category","embeddable":true,"href":"https:\/\/hostnetart.com.br\/baixada\/wp-json\/wp\/v2\/categories?post=9002"},{"taxonomy":"post_tag","embeddable":true,"href":"https:\/\/hostnetart.com.br\/baixada\/wp-json\/wp\/v2\/tags?post=9002"}],"curies":[{"name":"wp","href":"https:\/\/api.w.org\/{rel}","templated":true}]}}