{"id":9000,"date":"2020-06-01T19:36:17","date_gmt":"2020-06-01T22:36:17","guid":{"rendered":"https:\/\/hostnetart.com.br\/baixada\/george-floyd-povo-negro-luta-por-justica-e-pelo-fim-da-violencia-policial\/"},"modified":"2020-06-01T19:36:17","modified_gmt":"2020-06-01T22:36:17","slug":"george-floyd-povo-negro-luta-por-justica-e-pelo-fim-da-violencia-policial","status":"publish","type":"post","link":"https:\/\/hostnetart.com.br\/baixada\/george-floyd-povo-negro-luta-por-justica-e-pelo-fim-da-violencia-policial\/","title":{"rendered":"George Floyd: Povo Negro luta por justi\u00e7a e pelo fim da viol\u00eancia policial"},"content":{"rendered":"<p>Neste final de semana, o povo foi \u00e0s ruas em v\u00e1rias cidades dos Estados Unidos para lutar por justi\u00e7a e pelo fim da viol\u00eancia policial. Eles foram motivados pelo assassinato George Floyd em Minneapolis, no estado de Minnesota, na \u00faltima segunda-feira (25\/5). A cena, que revoltou o mundo, \u00e9 de um policial imobilizando um homem negro e o asfixiando at\u00e9 a morte, enquanto ele dizia, por v\u00e1rias vezes: \u201cI can\u00b4t not breathe\u201d (Eu n\u00e3o consigo respirar, em ingl\u00eas).<\/p>\n<p>Tudo come\u00e7ou quando Floyd, de 60 anos, foi ao mercado Cup Foods e na hora de efetuar o pagamento, o funcion\u00e1rio ligou para a pol\u00edcia ao desconfiar que a nota era falsa. Assim que chegou, o policial algemou o homem, o colocou de barriga para baixo e o imobilizou com o joelho sobre seu pesco\u00e7o, impedindo a sua respira\u00e7\u00e3o.<\/p>\n<p>George Floyd ficou desacordado e foi levado em seguida por uma ambul\u00e2ncia ao Centro M\u00e9dico do Condado de Hennepin, mas n\u00e3o resistiu e sua morte foi confirmada uma hora depois.<\/p>\n<p>Para o secret\u00e1rio de Combate ao Racismo da Confedera\u00e7\u00e3o Nacional dos Trabalhadores do Ramo Financeiro (Contraf-CUT), Almir Aguiar, \u00e9 preciso combater a desigualdade e o preconceito existentes no mundo. \u201cS\u00e3o negros e negras que s\u00e3o assassinados todos os dias por policiais. Tanto nos Estados Unidos, quanto no Brasil, os dados de crimes contra o povo negro s\u00e3o alarmantes e revelam ainda mais a desigualdade e o preconceito\u201d, afirmou.<\/p>\n<p>Segundo o Instituto de Pesquisa Econ\u00f4mica Aplicada (IPEA), no Brasil, a cada tr\u00eas assassinatos, dois s\u00e3o negros. Dados do pr\u00f3prio IPEA e do F\u00f3rum Brasileiro de Seguran\u00e7a P\u00fablica mostram que 75% das v\u00edtimas do pa\u00eds s\u00e3o negras. A taxa, registrada em 2017, corresponde a 65.602 homic\u00eddios naquele ano. Desse total, a cada 100 mortes, 75% s\u00e3o de jovens negros de 15 a 19 anos de idade.\u00a0 \u201cPara conter esse genoc\u00eddio, se faz necess\u00e1rio mudar o enfrentamento contra a viol\u00eancia ao povo negro. Chega de genoc\u00eddio contra o povo negro, contra a juventude negra! Basta\u201d, exclamou Almir Aguiar.<\/p>\n<p><strong>Fonte: Contraf-CUT<\/strong><\/p>\n","protected":false},"excerpt":{"rendered":"<p>Neste final de semana, o povo foi \u00e0s ruas em v\u00e1rias cidades dos Estados Unidos para lutar por justi\u00e7a e pelo fim da viol\u00eancia policial. Eles foram motivados pelo assassinato George Floyd em Minneapolis, no estado de Minnesota, na \u00faltima segunda-feira (25\/5). A cena, que revoltou o mundo, \u00e9 de um policial imobilizando um homem [&hellip;]<\/p>\n","protected":false},"author":2,"featured_media":8999,"comment_status":"","ping_status":"","sticky":false,"template":"","format":"standard","meta":{"footnotes":""},"categories":[3],"tags":[],"class_list":["post-9000","post","type-post","status-publish","format-standard","has-post-thumbnail","hentry","category-noticias"],"_links":{"self":[{"href":"https:\/\/hostnetart.com.br\/baixada\/wp-json\/wp\/v2\/posts\/9000","targetHints":{"allow":["GET"]}}],"collection":[{"href":"https:\/\/hostnetart.com.br\/baixada\/wp-json\/wp\/v2\/posts"}],"about":[{"href":"https:\/\/hostnetart.com.br\/baixada\/wp-json\/wp\/v2\/types\/post"}],"author":[{"embeddable":true,"href":"https:\/\/hostnetart.com.br\/baixada\/wp-json\/wp\/v2\/users\/2"}],"replies":[{"embeddable":true,"href":"https:\/\/hostnetart.com.br\/baixada\/wp-json\/wp\/v2\/comments?post=9000"}],"version-history":[{"count":0,"href":"https:\/\/hostnetart.com.br\/baixada\/wp-json\/wp\/v2\/posts\/9000\/revisions"}],"wp:featuredmedia":[{"embeddable":true,"href":"https:\/\/hostnetart.com.br\/baixada\/wp-json\/wp\/v2\/media\/8999"}],"wp:attachment":[{"href":"https:\/\/hostnetart.com.br\/baixada\/wp-json\/wp\/v2\/media?parent=9000"}],"wp:term":[{"taxonomy":"category","embeddable":true,"href":"https:\/\/hostnetart.com.br\/baixada\/wp-json\/wp\/v2\/categories?post=9000"},{"taxonomy":"post_tag","embeddable":true,"href":"https:\/\/hostnetart.com.br\/baixada\/wp-json\/wp\/v2\/tags?post=9000"}],"curies":[{"name":"wp","href":"https:\/\/api.w.org\/{rel}","templated":true}]}}