{"id":8996,"date":"2020-06-01T19:32:22","date_gmt":"2020-06-01T22:32:22","guid":{"rendered":"https:\/\/hostnetart.com.br\/baixada\/abertura-das-agencias-da-caixa-aos-sabados-e-prejudicial-aos-empregados\/"},"modified":"2020-06-01T19:32:22","modified_gmt":"2020-06-01T22:32:22","slug":"abertura-das-agencias-da-caixa-aos-sabados-e-prejudicial-aos-empregados","status":"publish","type":"post","link":"https:\/\/hostnetart.com.br\/baixada\/abertura-das-agencias-da-caixa-aos-sabados-e-prejudicial-aos-empregados\/","title":{"rendered":"Abertura das ag\u00eancias da Caixa aos s\u00e1bados \u00e9 prejudicial aos empregados"},"content":{"rendered":"<p>Mais de duas mil ag\u00eancias da Caixa Econ\u00f4mica Federal, que representam cerca de 50% das unidades, ir\u00e3o abrir neste s\u00e1bado (30), das 8h \u00e0s 12h, por determina\u00e7\u00e3o da dire\u00e7\u00e3o do banco. As ag\u00eancias funcionar\u00e3o para atender aos benefici\u00e1rios que quiserem sacar a segunda parcela do aux\u00edlio emergencial de R$ 600, cujo o pagamento permanece centralizado no banco p\u00fablico.<\/p>\n<p>De acordo com o calend\u00e1rio divulgado pela Caixa, estar\u00e3o autorizados a fazer o saque do aux\u00edlio emergencial, neste s\u00e1bado (30), os trabalhadores informais, contribuintes individuais do Instituto Nacional do Seguro Social (INSS) e Microempreendedores Individuais (MEIs) nascidos em janeiro como tamb\u00e9m aqueles que receberam a primeira parcela do aux\u00edlio at\u00e9 o dia 30 de abril. Ser\u00e1 poss\u00edvel, ainda, fazer transfer\u00eancia do benef\u00edcio para contas da Caixa ou de outros bancos.<\/p>\n<p>Fabiana Uehara Proscholdt, secret\u00e1ria da Cultura e representante da Confedera\u00e7\u00e3o Nacional dos Trabalhadores do Ramo Financeiro (Contraf-CUT) nas negocia\u00e7\u00f5es com o banco, lembra que os empregados da Caixa j\u00e1 est\u00e3o trabalhando muito durante a semana. \u201cN\u00e3o vemos a necessidade de as ag\u00eancias continuarem abrindo aos s\u00e1bados nesta fase em que os dias \u00fateis est\u00e3o atendendo a demanda. Este esfor\u00e7o extra \u00e9 muito prejudicial aos trabalhadores, pois troca um dia de descanso por um dia de esfor\u00e7o e ainda aumenta a exposi\u00e7\u00e3o deles a doen\u00e7a.\u201d<\/p>\n<p>Uma das principais cobran\u00e7as das entidades representativas dos banc\u00e1rios ao Executivo federal \u00e9 a descentraliza\u00e7\u00e3o do pagamento do aux\u00edlio. \u00c0s v\u00e9speras da segunda etapa para o saque do benef\u00edcio, o governo ainda n\u00e3o tem defini\u00e7\u00e3o sobre o assunto. No \u00faltimo dia 24, o governo federal voltou a divulgar que os Correios seriam uma op\u00e7\u00e3o para ajudar no cadastramento do benef\u00edcio.<\/p>\n<p>\u201cDesde o in\u00edcio da concess\u00e3o do aux\u00edlio, reivindicamos a descentraliza\u00e7\u00e3o do pagamento para outros bancos\u201d, ressalta S\u00e9rgio Takemoto, secret\u00e1rio de Finan\u00e7as da Contraf-CUT e presidente da Federa\u00e7\u00e3o Nacional das Associa\u00e7\u00f5es do Pessoal da Caixa (Fenae). \u201cS\u00e3o mais 101 milh\u00f5es de cadastramentos \u2014 o que corresponde \u00e0 metade da popula\u00e7\u00e3o brasileira \u2014 e cerca de 60 milh\u00f5es de benefici\u00e1rios. \u00c9 preciso envolver tanto os bancos p\u00fablicos como os bancos privados e outras institui\u00e7\u00f5es. Mas, infelizmente, nem a Caixa nem o governo atenderam a esta reivindica\u00e7\u00e3o\u201d, afirma.<\/p>\n<p>Al\u00e9m de n\u00e3o descentralizar o pagamento do aux\u00edlio emergencial, o presidente da Fenae destaca que a dire\u00e7\u00e3o da Caixa, at\u00e9 este momento, n\u00e3o fez uma ampla e efetiva campanha de informa\u00e7\u00e3o \u00e0 sociedade. \u201cQue esclare\u00e7a, de forma clara a abrangente, os procedimentos para o cadastro e a concess\u00e3o do benef\u00edcio\u201d, refor\u00e7a Takemoto. \u201c\u00c9 por isso que as pessoas ainda acabam recorrendo \u00e0s ag\u00eancias para o cadastramento ao aux\u00edlio, por exemplo (que s\u00f3 pode ser feito pela internet ou por aplicativo de celular), ou para situa\u00e7\u00f5es que poderiam ser resolvidas por telefone\u201d, acrescenta o presidente da Fenae.<\/p>\n<h3>Como sacar<\/h3>\n<p>Para sacar valores do aux\u00edlio emergencial ser\u00e1 preciso gerar o c\u00f3digo de saque no aplicativo Caixa TEM e se dirigir a uma ag\u00eancia da Caixa ou a uma casa lot\u00e9rica. Tamb\u00e9m \u00e9 poss\u00edvel fazer transfer\u00eancia para outra conta.<\/p>\n<h3>Opera\u00e7\u00f5es eletr\u00f4nicas<\/h3>\n<p>Vale lembrar que por meio do aplicativo Caixa TEM o benefici\u00e1rio pode pagar contas e fazer compras com o cart\u00e3o de d\u00e9bito virtual. Desta forma, \u00e9 poss\u00edvel evitar filas e aglomera\u00e7\u00f5es nas ag\u00eancias.<\/p>\n<h3>Calend\u00e1rio de Saque<\/h3>\n<p>Nascidos em janeiro: 30 de maio<br \/>Nascidos em fevereiro: 1\u00ba de junho<br \/>Nascidos em mar\u00e7o: 2 de junho<br \/>Nascidos em abril: 3 de junho<br \/>Nascidos em maio: 4 de junho<br \/>Nascidos em junho: 5 de junho<br \/>Nascidos em julho: 6 de junho<br \/>Nascidos em agosto: 8 de junho<br \/>Nascidos em setembro: 9 de junho<br \/>Nascidos em outubro: 10 de junho<br \/>Nascidos em novembro: 12 de junho<br \/>Nascidos em dezembro: 13 de junho<\/p>\n<h3>Confira por estado as ag\u00eancias que ficar\u00e3o abertas<\/h3>\n<p><a href=\"https:\/\/www.fenae.org.br\/portal\/data\/files\/37\/C5\/3C\/DA\/A6D52710BAA72327403A91A8\/CAIXA_ABERTURA_AGENCIAS_SABADO_30_MAIO_2020-AC.pdf\">Acre<\/a><br \/><a href=\"https:\/\/www.fenae.org.br\/portal\/data\/files\/73\/D5\/11\/FD\/A6D52710BAA72327403A91A8\/CAIXA_ABERTURA_AGENCIAS_SABADO_30_MAIO_2020-AL.pdf\">Alagoas<\/a><br \/><a href=\"https:\/\/www.fenae.org.br\/portal\/data\/files\/D1\/E5\/2A\/B5\/B6D52710BAA72327403A91A8\/CAIXA_ABERTURA_AGENCIAS_SABADO_30_MAIO_2020-AP.pdf\">Amap\u00e1<\/a><br \/><a href=\"https:\/\/www.fenae.org.br\/portal\/data\/files\/1C\/D5\/93\/E2\/B6D52710BAA72327403A91A8\/CAIXA_ABERTURA_AGENCIAS_SABADO_30_MAIO_2020-AM.pdf\">Amazonas<\/a><br \/><a href=\"https:\/\/www.fenae.org.br\/portal\/data\/files\/AA\/E5\/16\/D8\/B6D52710BAA72327403A91A8\/CAIXA_ABERTURA_AGENCIAS_SABADO_30_MAIO_2020-BA.pdf\">Bahia<\/a><br \/><a href=\"https:\/\/www.fenae.org.br\/portal\/data\/files\/CE\/E5\/FE\/7B\/B6D52710BAA72327403A91A8\/CAIXA_ABERTURA_AGENCIAS_SABADO_30_MAIO_2020-CE.pdf\">Cear\u00e1<\/a><br \/><a href=\"https:\/\/www.fenae.org.br\/portal\/data\/files\/88\/F5\/4B\/6E\/B6D52710BAA72327403A91A8\/CAIXA_ABERTURA_AGENCIAS_SABADO_30_MAIO_2020-DF.pdf\">Distrito Federal<\/a><br \/><a href=\"https:\/\/www.fenae.org.br\/portal\/data\/files\/0D\/F5\/98\/61\/C6D52710BAA72327403A91A8\/CAIXA_ABERTURA_AGENCIAS_SABADO_30_MAIO_2020-ES.pdf\">Esp\u00edrito Santo<\/a><br \/><a href=\"https:\/\/www.fenae.org.br\/portal\/data\/files\/31\/06\/18\/E4\/C6D52710BAA72327403A91A8\/CAIXA_ABERTURA_AGENCIAS_SABADO_30_MAIO_2020-GO.pdf\">Goi\u00e1s<\/a><br \/><a href=\"https:\/\/www.fenae.org.br\/portal\/data\/files\/75\/06\/FC\/77\/C6D52710BAA72327403A91A8\/CAIXA_ABERTURA_AGENCIAS_SABADO_30_MAIO_2020-MA.pdf\">Maranh\u00e3o<\/a><br \/><a href=\"https:\/\/www.fenae.org.br\/portal\/data\/files\/EA\/16\/58\/11\/D6D52710BAA72327403A91A8\/CAIXA_ABERTURA_AGENCIAS_SABADO_30_MAIO_2020-MT.pdf\">Mato Grosso<\/a><br \/><a href=\"https:\/\/www.fenae.org.br\/portal\/data\/files\/CF\/06\/EE\/6D\/C6D52710BAA72327403A91A8\/CAIXA_ABERTURA_AGENCIAS_SABADO_30_MAIO_2020-MS.pdf\">Mato Grosso\u00a0do Sul<\/a><br \/><a href=\"https:\/\/www.fenae.org.br\/portal\/data\/files\/AA\/06\/8B\/4A\/C6D52710BAA72327403A91A8\/CAIXA_ABERTURA_AGENCIAS_SABADO_30_MAIO_2020-MG.pdf\">Minas Gerais<\/a><br \/><a href=\"https:\/\/www.fenae.org.br\/portal\/data\/files\/23\/26\/E4\/24\/D6D52710BAA72327403A91A8\/CAIXA_ABERTURA_AGENCIAS_SABADO_30_MAIO_2020-PA.pdf\">Par\u00e1<\/a><br \/><a href=\"https:\/\/www.fenae.org.br\/portal\/data\/files\/09\/26\/E2\/D7\/D6D52710BAA72327403A91A8\/CAIXA_ABERTURA_AGENCIAS_SABADO_30_MAIO_2020-PB.pdf\">Para\u00edba<\/a><br \/><a href=\"https:\/\/www.fenae.org.br\/portal\/data\/files\/68\/46\/E7\/01\/E6D52710BAA72327403A91A8\/CAIXA_ABERTURA_AGENCIAS_SABADO_30_MAIO_2020-PR.pdf\">Paran\u00e1<\/a><br \/><a href=\"https:\/\/www.fenae.org.br\/portal\/data\/files\/09\/26\/E2\/D7\/D6D52710BAA72327403A91A8\/CAIXA_ABERTURA_AGENCIAS_SABADO_30_MAIO_2020-PB.pdf\">Pernambuco<\/a><br \/><a href=\"https:\/\/www.fenae.org.br\/portal\/data\/files\/3E\/36\/03\/1E\/D6D52710BAA72327403A91A8\/CAIXA_ABERTURA_AGENCIAS_SABADO_30_MAIO_2020-PI.pdf\">Piau\u00ed<\/a><br \/><a href=\"https:\/\/www.fenae.org.br\/portal\/data\/files\/EF\/46\/5F\/86\/E6D52710BAA72327403A91A8\/CAIXA_ABERTURA_AGENCIAS_SABADO_30_MAIO_2020-RJ.pdf\">Rio de Janeiro<\/a><br \/><a href=\"https:\/\/www.fenae.org.br\/portal\/data\/files\/D4\/86\/DD\/79\/E6D52710BAA72327403A91A8\/CAIXA_ABERTURA_AGENCIAS_SABADO_30_MAIO_2020-RN.pdf\">Rio Grande do Norte<\/a><br \/><a href=\"https:\/\/www.fenae.org.br\/portal\/data\/files\/F8\/A6\/B2\/14\/F6D52710BAA72327403A91A8\/CAIXA_ABERTURA_AGENCIAS_SABADO_30_MAIO_2020-RS.pdf\">Rio Grande do Sul<\/a><br \/><a href=\"https:\/\/www.fenae.org.br\/portal\/data\/files\/35\/96\/14\/EC\/E6D52710BAA72327403A91A8\/CAIXA_ABERTURA_AGENCIAS_SABADO_30_MAIO_2020-RO.pdf\">Rond\u00f4nia<\/a><br \/><a href=\"https:\/\/www.fenae.org.br\/portal\/data\/files\/3C\/96\/0D\/31\/F6D52710BAA72327403A91A8\/CAIXA_ABERTURA_AGENCIAS_SABADO_30_MAIO_2020-RR.pdf\">Roraima<\/a><br \/><a href=\"https:\/\/www.fenae.org.br\/portal\/data\/files\/70\/B6\/96\/49\/F6D52710BAA72327403A91A8\/CAIXA_ABERTURA_AGENCIAS_SABADO_30_MAIO_2020-SC.pdf\">Santa Catarina<\/a><br \/><a href=\"https:\/\/www.fenae.org.br\/portal\/data\/files\/F0\/C6\/52\/EF\/F6D52710BAA72327403A91A8\/CAIXA_ABERTURA_AGENCIAS_SABADO_30_MAIO_2020-SP.pdf\">S\u00e3o Paulo<\/a><br \/><a href=\"https:\/\/www.fenae.org.br\/portal\/data\/files\/AB\/B6\/E5\/AC\/F6D52710BAA72327403A91A8\/CAIXA_ABERTURA_AGENCIAS_SABADO_30_MAIO_2020-SE.pdf\">Sergipe<\/a><br \/><a href=\"https:\/\/www.fenae.org.br\/portal\/data\/files\/E9\/C6\/52\/E2\/07D52710BAA72327403A91A8\/CAIXA_ABERTURA_AGENCIAS_SABADO_30_MAIO_2020-TO.pdf\">Tocantins<\/a><\/p>\n<p><strong>Fonte: Contraf-CUT<\/strong><\/p>\n","protected":false},"excerpt":{"rendered":"<p>Mais de duas mil ag\u00eancias da Caixa Econ\u00f4mica Federal, que representam cerca de 50% das unidades, ir\u00e3o abrir neste s\u00e1bado (30), das 8h \u00e0s 12h, por determina\u00e7\u00e3o da dire\u00e7\u00e3o do banco. As ag\u00eancias funcionar\u00e3o para atender aos benefici\u00e1rios que quiserem sacar a segunda parcela do aux\u00edlio emergencial de R$ 600, cujo o pagamento permanece centralizado [&hellip;]<\/p>\n","protected":false},"author":2,"featured_media":8995,"comment_status":"","ping_status":"","sticky":false,"template":"","format":"standard","meta":{"footnotes":""},"categories":[3],"tags":[],"class_list":["post-8996","post","type-post","status-publish","format-standard","has-post-thumbnail","hentry","category-noticias"],"_links":{"self":[{"href":"https:\/\/hostnetart.com.br\/baixada\/wp-json\/wp\/v2\/posts\/8996","targetHints":{"allow":["GET"]}}],"collection":[{"href":"https:\/\/hostnetart.com.br\/baixada\/wp-json\/wp\/v2\/posts"}],"about":[{"href":"https:\/\/hostnetart.com.br\/baixada\/wp-json\/wp\/v2\/types\/post"}],"author":[{"embeddable":true,"href":"https:\/\/hostnetart.com.br\/baixada\/wp-json\/wp\/v2\/users\/2"}],"replies":[{"embeddable":true,"href":"https:\/\/hostnetart.com.br\/baixada\/wp-json\/wp\/v2\/comments?post=8996"}],"version-history":[{"count":0,"href":"https:\/\/hostnetart.com.br\/baixada\/wp-json\/wp\/v2\/posts\/8996\/revisions"}],"wp:featuredmedia":[{"embeddable":true,"href":"https:\/\/hostnetart.com.br\/baixada\/wp-json\/wp\/v2\/media\/8995"}],"wp:attachment":[{"href":"https:\/\/hostnetart.com.br\/baixada\/wp-json\/wp\/v2\/media?parent=8996"}],"wp:term":[{"taxonomy":"category","embeddable":true,"href":"https:\/\/hostnetart.com.br\/baixada\/wp-json\/wp\/v2\/categories?post=8996"},{"taxonomy":"post_tag","embeddable":true,"href":"https:\/\/hostnetart.com.br\/baixada\/wp-json\/wp\/v2\/tags?post=8996"}],"curies":[{"name":"wp","href":"https:\/\/api.w.org\/{rel}","templated":true}]}}