{"id":8992,"date":"2020-05-29T03:46:41","date_gmt":"2020-05-29T06:46:41","guid":{"rendered":"https:\/\/hostnetart.com.br\/baixada\/brasil-tem-novo-dia-de-recordes-da-covid-19-em-24-horas-1-156-mortos-e-26-417-casos\/"},"modified":"2020-05-29T03:46:41","modified_gmt":"2020-05-29T06:46:41","slug":"brasil-tem-novo-dia-de-recordes-da-covid-19-em-24-horas-1-156-mortos-e-26-417-casos","status":"publish","type":"post","link":"https:\/\/hostnetart.com.br\/baixada\/brasil-tem-novo-dia-de-recordes-da-covid-19-em-24-horas-1-156-mortos-e-26-417-casos\/","title":{"rendered":"Brasil tem novo dia de \u2018recordes\u2019 da covid-19 em 24 horas: 1.156 mortos e 26.417 casos"},"content":{"rendered":"<p>O Brasil teve hoje (28) mais um dia com registro de mais de mil mortos em 24 horas pela covid-19, doen\u00e7a provocada pelo\u00a0<a href=\"https:\/\/www.redebrasilatual.com.br\/tag\/coronavirus\/\" target=\"_blank\" rel=\"noopener noreferrer\">novo coronav\u00edrus<\/a>. Com o acr\u00e9scimo, j\u00e1 s\u00e3o 26.754 v\u00edtimas da pandemia. J\u00e1 o n\u00famero de casos confirmados chegou a 438.238, com 26.417 novos registros. A subnotifica\u00e7\u00e3o \u00e9 realidade, atestada por diferentes institui\u00e7\u00f5es m\u00e9dicas.<\/p>\n<p>A curva epidemiol\u00f3gica no Brasil segue em ascens\u00e3o e n\u00e3o existe uma previs\u00e3o concreta de quando a pandemia deve parar de crescer. Diante desse cen\u00e1rio, o consenso de especialistas \u00e9 o isolamento social, para evitar mais r\u00e1pida dissemina\u00e7\u00e3o da doen\u00e7a e consequente colapso do sistema de sa\u00fade.<\/p>\n<p>De acordo com dados da Organiza\u00e7\u00e3o Mundial da Sa\u00fade (OMS), o<br \/>Brasil, sozinho, tem 25% das mortes di\u00e1rias causadas pela covid-19 no planeta \u2013 de quatro \u00f3bitos, um ocorre no Brasil \u2013, o que faz o pa\u00eds ser o o epicentro mundial da doen\u00e7a. A Am\u00e9rica Latina representa 40% das mortes di\u00e1rias provocadas pelo v\u00edrus.<\/p>\n<h3>Epicentro<\/h3>\n<p><a href=\"https:\/\/www.redebrasilatual.com.br\/cidadania\/2020\/05\/um-dia-apos-anuncio-de-abertura-capital-paulista-tem-92-das-utis-ocupadas\/\">S\u00e3o Paulo \u00e9 o local mais afetado\u00a0<\/a>pela pandemia. Com 95.865 casos confirmados, os mortos j\u00e1 s\u00e3o 6.980. A taxa de ocupa\u00e7\u00e3o de UTIs segue alta, com relativa estabilidade em alguns munic\u00edpios. Na capital, 92% dos leitos est\u00e3o ocupados. Outras cidades apresentam problema ainda maior, como Guarulhos, na regi\u00e3o metropolitana, com 100% de lota\u00e7\u00e3o.<\/p>\n<p>J\u00e1 a taxa de isolamento no estado segue abaixo do ideal. Inicialmente pensada em 70%, a classe m\u00e9dica j\u00e1 aceita que um \u00edndice de isolamento de 55% j\u00e1 traria resultados positivos no controle do cont\u00e1gio. Entretanto, a realidade mostra 48% de isolamento no estado e 49% na capital. Mesmo com a ades\u00e3o insuficiente da popula\u00e7\u00e3o e com a perspectiva de explos\u00e3o no n\u00famero de infec\u00e7\u00f5es nos pr\u00f3ximos dias, o\u00a0<a href=\"https:\/\/www.redebrasilatual.com.br\/cidadania\/2020\/05\/um-dia-apos-anuncio-de-abertura-capital-paulista-tem-92-das-utis-ocupadas\/\" target=\"_blank\" rel=\"noopener noreferrer\">governo Jo\u00e3o Doria (PSDB), anunciou um programa de relaxamento\u00a0<\/a>das medidas sanit\u00e1rias, a come\u00e7ar na pr\u00f3xima segunda-feira (1\u00ba).<\/p>\n<h3>Estado da pandemia<\/h3>\n<p>Um dia depois do an\u00fancio das medidas de relaxamento, S\u00e3o Paulo tamb\u00e9m registrou hoje recorde de novos casos computados em um dia. Foram 6.382 casos. E o n\u00famero de mortos tamb\u00e9m subiu expressivamente, passando de uma m\u00e9dia abaixo de 100 nos \u00faltimos cinco dias para 268 hoje.<\/p>\n<p>Segundo estado mais afetado, o Rio de Janeiro apresentou pelo terceiro dia consecutivo mais de 200 mortes em per\u00edodo de 24 horas. Com 4.856 mortos, o estado \u00e9 o segundo a ultrapassar, sozinho, o n\u00famero de v\u00edtimas de toda a China. O gigante asi\u00e1tico, de 1,3 bilh\u00e3o de habitantes, foi o primeiro epicentro da doen\u00e7a do mundo e teve pouco mais de 4 mil mortos.<\/p>\n<p><strong>Fonte: Rede Brasil Atual<\/strong><\/p>\n","protected":false},"excerpt":{"rendered":"<p>O Brasil teve hoje (28) mais um dia com registro de mais de mil mortos em 24 horas pela covid-19, doen\u00e7a provocada pelo\u00a0novo coronav\u00edrus. Com o acr\u00e9scimo, j\u00e1 s\u00e3o 26.754 v\u00edtimas da pandemia. J\u00e1 o n\u00famero de casos confirmados chegou a 438.238, com 26.417 novos registros. A subnotifica\u00e7\u00e3o \u00e9 realidade, atestada por diferentes institui\u00e7\u00f5es m\u00e9dicas. [&hellip;]<\/p>\n","protected":false},"author":2,"featured_media":8991,"comment_status":"","ping_status":"","sticky":false,"template":"","format":"standard","meta":{"footnotes":""},"categories":[3],"tags":[],"class_list":["post-8992","post","type-post","status-publish","format-standard","has-post-thumbnail","hentry","category-noticias"],"_links":{"self":[{"href":"https:\/\/hostnetart.com.br\/baixada\/wp-json\/wp\/v2\/posts\/8992","targetHints":{"allow":["GET"]}}],"collection":[{"href":"https:\/\/hostnetart.com.br\/baixada\/wp-json\/wp\/v2\/posts"}],"about":[{"href":"https:\/\/hostnetart.com.br\/baixada\/wp-json\/wp\/v2\/types\/post"}],"author":[{"embeddable":true,"href":"https:\/\/hostnetart.com.br\/baixada\/wp-json\/wp\/v2\/users\/2"}],"replies":[{"embeddable":true,"href":"https:\/\/hostnetart.com.br\/baixada\/wp-json\/wp\/v2\/comments?post=8992"}],"version-history":[{"count":0,"href":"https:\/\/hostnetart.com.br\/baixada\/wp-json\/wp\/v2\/posts\/8992\/revisions"}],"wp:featuredmedia":[{"embeddable":true,"href":"https:\/\/hostnetart.com.br\/baixada\/wp-json\/wp\/v2\/media\/8991"}],"wp:attachment":[{"href":"https:\/\/hostnetart.com.br\/baixada\/wp-json\/wp\/v2\/media?parent=8992"}],"wp:term":[{"taxonomy":"category","embeddable":true,"href":"https:\/\/hostnetart.com.br\/baixada\/wp-json\/wp\/v2\/categories?post=8992"},{"taxonomy":"post_tag","embeddable":true,"href":"https:\/\/hostnetart.com.br\/baixada\/wp-json\/wp\/v2\/tags?post=8992"}],"curies":[{"name":"wp","href":"https:\/\/api.w.org\/{rel}","templated":true}]}}