{"id":8986,"date":"2020-05-29T03:41:08","date_gmt":"2020-05-29T06:41:08","guid":{"rendered":"https:\/\/hostnetart.com.br\/baixada\/dia-internacional-de-luta-pela-saude-da-mulher-alerta-para-impactos-da-covid-19\/"},"modified":"2020-05-29T03:41:08","modified_gmt":"2020-05-29T06:41:08","slug":"dia-internacional-de-luta-pela-saude-da-mulher-alerta-para-impactos-da-covid-19","status":"publish","type":"post","link":"https:\/\/hostnetart.com.br\/baixada\/dia-internacional-de-luta-pela-saude-da-mulher-alerta-para-impactos-da-covid-19\/","title":{"rendered":"Dia Internacional de Luta Pela Sa\u00fade da Mulher alerta para impactos da Covid-19"},"content":{"rendered":"<p>28 de maio \u00e9 o Dia Internacional de Luta Pela Sa\u00fade da Mulher e, neste cen\u00e1rio de pandemia em que o pa\u00eds se encontra, a data alerta para os impactos da Covid-19 na vida das mulheres e refor\u00e7a a import\u00e2ncia da conscientiza\u00e7\u00e3o da sociedade dos diversos problemas de sa\u00fade.<\/p>\n<p>De acordo com a ONU Mulheres, as mulheres s\u00e3o as mais impactadas pelo coronav\u00edrus (Covid-19). 70% das pessoas que trabalham no setor social e de sa\u00fade s\u00e3o mulheres. Para Roberto Von der Osten, secret\u00e1rio de Rela\u00e7\u00f5es Internacionais, o isolamento social aprofunda as desigualdades e injusti\u00e7as que recaem nas mulheres neste momento e, por isso, os adoecimentos f\u00edsicos e psicol\u00f3gicos aumentam. \u201cAs mulheres sofrem um grande desgaste na sa\u00fade f\u00edsica e mental por terem de lidar com a sobrecarga do trabalho do lar e a viol\u00eancia dom\u00e9stica, al\u00e9m dos ass\u00e9dios e preconceitos ainda existentes na sociedade\u201d, disse.<\/p>\n<h3>Gestantes e pu\u00e9rperas est\u00e3o no grupo de risco<\/h3>\n<p>De acordo com a determina\u00e7\u00e3o do Minist\u00e9rio da Sa\u00fade, as gestantes e pu\u00e9rperas fazem parte do grupo de risco para a Covid-19. \u00c9 direito da trabalhadora o afastamento do trabalho. Caso o direito seja negado, a trabalhadora deve procurar o seu respectivo sindicato.<br \/>Ter um parto seguro \u00e9 direito da mulher. A Organiza\u00e7\u00e3o Mundial de Sa\u00fade (OMS) orienta que se a gestante n\u00e3o tiver sintomas de Covid-19 pode manter sua op\u00e7\u00e3o quanto \u00c0 escolha da institui\u00e7\u00e3o para o parto.<\/p>\n<h3>Aumento da viol\u00eancia dom\u00e9stica durante o isolamento<\/h3>\n<p>De acordo com levantamento realizado pelo F\u00f3rum Brasileiro de Seguran\u00e7a P\u00fablica, em parceria com a empresa de pesquisa Decode Pulse, no m\u00eas de mar\u00e7o, o n\u00famero de relatos de brigas de casal na rede social Twitter aumentou 431%. Em contrapartida, no mesmo per\u00edodo, houve uma<br \/>queda nas notifica\u00e7\u00f5es de ocorr\u00eancias de viol\u00eancia contra a mulher, o que mostra o impacto do isolamento social, devido \u00e0 pandemia causada pelo coronav\u00edrus, na vida das mulheres.<br \/>Para Elaine Cutis, secret\u00e1ria da Mulher da Contraf-CUT, as mulheres possuem grande dificuldade para denunciar os agressores e nesse contexto de pandemia essa dificuldade aumenta ainda mais. O isolamento no qual todos est\u00e3o sendo impostos impede com que as mulheres escapem das situa\u00e7\u00f5es de viol\u00eancia e procurem por aux\u00edlio e denunciem. Nesse contexto, as redes sociais nos ajudam\u201d, afirmou.<br \/>Elaine Cutis tamb\u00e9m afirmou que \u00e9 extremamente importante que os casos de viol\u00eancia sejam denunciados para que os agressores possam ser punidos. \u201cN\u00e3o podemos nos calar diante da viol\u00eancia. Temos que denunciar as agress\u00f5es sejam elas verbais, f\u00edsicas ou psqu\u00edcas para que os agressores sejam punidos e que possamos de fato combater a viol\u00eancia\u201d, disse.<br \/>As Delegacias da Mulher continuam funcionando normalmente no per\u00edodo de quarentena. Os casos de viol\u00eancia e ass\u00e9dio podem tamb\u00e9m ser denunciados ao 190, que faz atendimentos di\u00e1rios e ininterruptos.<br \/>Para as mulheres que s\u00e3o banc\u00e1rias agora tamb\u00e9m est\u00e1 dispon\u00edvel o Canal de Combate \u00e0 Viol\u00eancia contra a Mulher dentro dos bancos.<br \/>Em todo o pa\u00eds as emerg\u00eancias tamb\u00e9m devem ser registradas no Disque 180 ou o Disque 100, que oferecem orienta\u00e7\u00f5es. Os abrigos emergenciais das cidades tamb\u00e9m funcionam normalmente. \u00c9 preciso procurar pelo servi\u00e7o por um \u00f3rg\u00e3o da prefeitura mais pr\u00f3ximo para que o encaminhamento seja feito. As Casas da Mulher Brasileira, que concentram servi\u00e7os judiciais, psicol\u00f3gicos e assistenciais, tamb\u00e9m seguem operando normalmente na quarentena.<\/p>\n<p><strong>Fonte: Contraf-CUT<\/strong><\/p>\n","protected":false},"excerpt":{"rendered":"<p>28 de maio \u00e9 o Dia Internacional de Luta Pela Sa\u00fade da Mulher e, neste cen\u00e1rio de pandemia em que o pa\u00eds se encontra, a data alerta para os impactos da Covid-19 na vida das mulheres e refor\u00e7a a import\u00e2ncia da conscientiza\u00e7\u00e3o da sociedade dos diversos problemas de sa\u00fade. De acordo com a ONU Mulheres, [&hellip;]<\/p>\n","protected":false},"author":2,"featured_media":8985,"comment_status":"","ping_status":"","sticky":false,"template":"","format":"standard","meta":{"footnotes":""},"categories":[3],"tags":[],"class_list":["post-8986","post","type-post","status-publish","format-standard","has-post-thumbnail","hentry","category-noticias"],"_links":{"self":[{"href":"https:\/\/hostnetart.com.br\/baixada\/wp-json\/wp\/v2\/posts\/8986","targetHints":{"allow":["GET"]}}],"collection":[{"href":"https:\/\/hostnetart.com.br\/baixada\/wp-json\/wp\/v2\/posts"}],"about":[{"href":"https:\/\/hostnetart.com.br\/baixada\/wp-json\/wp\/v2\/types\/post"}],"author":[{"embeddable":true,"href":"https:\/\/hostnetart.com.br\/baixada\/wp-json\/wp\/v2\/users\/2"}],"replies":[{"embeddable":true,"href":"https:\/\/hostnetart.com.br\/baixada\/wp-json\/wp\/v2\/comments?post=8986"}],"version-history":[{"count":0,"href":"https:\/\/hostnetart.com.br\/baixada\/wp-json\/wp\/v2\/posts\/8986\/revisions"}],"wp:featuredmedia":[{"embeddable":true,"href":"https:\/\/hostnetart.com.br\/baixada\/wp-json\/wp\/v2\/media\/8985"}],"wp:attachment":[{"href":"https:\/\/hostnetart.com.br\/baixada\/wp-json\/wp\/v2\/media?parent=8986"}],"wp:term":[{"taxonomy":"category","embeddable":true,"href":"https:\/\/hostnetart.com.br\/baixada\/wp-json\/wp\/v2\/categories?post=8986"},{"taxonomy":"post_tag","embeddable":true,"href":"https:\/\/hostnetart.com.br\/baixada\/wp-json\/wp\/v2\/tags?post=8986"}],"curies":[{"name":"wp","href":"https:\/\/api.w.org\/{rel}","templated":true}]}}