{"id":8982,"date":"2020-05-28T13:45:50","date_gmt":"2020-05-28T16:45:50","guid":{"rendered":"https:\/\/hostnetart.com.br\/baixada\/maioria-das-greves-em-2019-foi-para-manter-direitos-aponta-dieese-que-cita-ambiente-hostil\/"},"modified":"2020-05-28T13:45:50","modified_gmt":"2020-05-28T16:45:50","slug":"maioria-das-greves-em-2019-foi-para-manter-direitos-aponta-dieese-que-cita-ambiente-hostil","status":"publish","type":"post","link":"https:\/\/hostnetart.com.br\/baixada\/maioria-das-greves-em-2019-foi-para-manter-direitos-aponta-dieese-que-cita-ambiente-hostil\/","title":{"rendered":"Maioria das greves em 2019 foi para manter direitos, aponta Dieese, que cita \u2018ambiente hostil\u2019"},"content":{"rendered":"<p>A maior parte das greves realizadas em 2019 foi para manter condi\u00e7\u00f5es de trabalho ou contra descumprimento de direitos, segundo levantamento feito pelo Dieese. Foram 1.118 paralisa\u00e7\u00f5es registradas pelo instituto, ante 1.453 no ano anterior. E 82%, assim como em 2018, tinham o chamado \u201ccar\u00e1ter defensivo\u201d, ou seja, referente a direitos n\u00e3o respeitados ou manuten\u00e7\u00e3o de condi\u00e7\u00f5es.<\/p>\n<p>\u201cAl\u00e9m do fato surpreendente de que, mesmo em momento de queda consistente no n\u00famero de greves (que j\u00e1 dura tr\u00eas anos), as mais de mil greves deflagradas em 2019 ocorreram em ambiente resolutamente hostil \u00e0 sustenta\u00e7\u00e3o de mobiliza\u00e7\u00f5es de trabalhadores\u201d, afirma o Dieese, completando em seguida:. \u201cEssas greves foram encampadas em meio ao impacto da asfixia no financiamento das entidades sindicais; \u00e0 perman\u00eancia do alto desemprego, ao avan\u00e7o do trabalho informal; a expectativas pouco confiantes em um futuro melhor e, sobretudo, em meio a uma difusa sensa\u00e7\u00e3o de instabilidade, que se intensifica com a recente reconfigura\u00e7\u00e3o das for\u00e7as pol\u00edticas do pa\u00eds.\u201d<\/p>\n<p>Entre as principais reivindica\u00e7\u00f5es, estiveram o pagamento de sal\u00e1rios atrasados, incluindo tamb\u00e9m itens como f\u00e9rias e 13\u00ba. Segundo o Dieese, 43% das greves inclu\u00edam essa reivindica\u00e7\u00e3o. E 34% eram por reajuste no sal\u00e1rio ou no piso da categoria, enquanto 21,5% relacionavam-se com quest\u00f5es como alimenta\u00e7\u00e3o, transporte e assist\u00eancia m\u00e9dica.<\/p>\n<h3>P\u00fablico e privado<\/h3>\n<p>Outra caracter\u00edstica dos movimentos \u00e9 a curta dura\u00e7\u00e3o. Perto de 57% das greves terminaram no primeiro dia \u2013 incluem-se aqui as chamadas paralisa\u00e7\u00f5es de \u201cadvert\u00eancia\u201d, com o objetivo de abrir negocia\u00e7\u00e3o. Estas representaram 39% do total. E aproximadamente 82% duraram at\u00e9 cinco dias, no m\u00e1ximo. Apenas 11% se estendeu durante mais de 10.<\/p>\n<p>As paralisa\u00e7\u00f5es na \u00e1rea p\u00fablica, incluindo estatais, superaram por pouco as do setor privado, com 566 e 548 registros, respectivamente. Mas a quantidade de horas paradas foi bem maior no setor p\u00fablico, com 73% do total no ano passado. A predomin\u00e2ncia foi de greves na esfera municipal (63%) e na \u00e1rea de educa\u00e7\u00e3o e sa\u00fade (209 e 80, respectivamente).<\/p>\n<p>Ainda pelo levantamento do Dieese, em 2019 as greves por empresa ou local de trabalho representaram 59% dos movimentos. J\u00e1 as que envolveram toda a categoria profissional somaram 41%. Nas greves do setor privado, destaque para trabalhadores em transportes, principalmente urbanos, coletores de lixo e do setor de sa\u00fade \u2013 em especial de organiza\u00e7\u00f5es sociais.<\/p>\n<p><a href=\"https:\/\/www.dieese.org.br\/balancodasgreves\/2019\/estPesq93balancoGreves2019.pdf\" target=\"_blank\" rel=\"noopener noreferrer\">Confira aqui o estudo divulgado pelo Dieese.<\/a><\/p>\n<p><strong>Fonte: Rede Brasil Atual<\/strong><\/p>\n","protected":false},"excerpt":{"rendered":"<p>A maior parte das greves realizadas em 2019 foi para manter condi\u00e7\u00f5es de trabalho ou contra descumprimento de direitos, segundo levantamento feito pelo Dieese. Foram 1.118 paralisa\u00e7\u00f5es registradas pelo instituto, ante 1.453 no ano anterior. E 82%, assim como em 2018, tinham o chamado \u201ccar\u00e1ter defensivo\u201d, ou seja, referente a direitos n\u00e3o respeitados ou manuten\u00e7\u00e3o [&hellip;]<\/p>\n","protected":false},"author":2,"featured_media":8981,"comment_status":"","ping_status":"","sticky":false,"template":"","format":"standard","meta":{"footnotes":""},"categories":[3],"tags":[],"class_list":["post-8982","post","type-post","status-publish","format-standard","has-post-thumbnail","hentry","category-noticias"],"_links":{"self":[{"href":"https:\/\/hostnetart.com.br\/baixada\/wp-json\/wp\/v2\/posts\/8982","targetHints":{"allow":["GET"]}}],"collection":[{"href":"https:\/\/hostnetart.com.br\/baixada\/wp-json\/wp\/v2\/posts"}],"about":[{"href":"https:\/\/hostnetart.com.br\/baixada\/wp-json\/wp\/v2\/types\/post"}],"author":[{"embeddable":true,"href":"https:\/\/hostnetart.com.br\/baixada\/wp-json\/wp\/v2\/users\/2"}],"replies":[{"embeddable":true,"href":"https:\/\/hostnetart.com.br\/baixada\/wp-json\/wp\/v2\/comments?post=8982"}],"version-history":[{"count":0,"href":"https:\/\/hostnetart.com.br\/baixada\/wp-json\/wp\/v2\/posts\/8982\/revisions"}],"wp:featuredmedia":[{"embeddable":true,"href":"https:\/\/hostnetart.com.br\/baixada\/wp-json\/wp\/v2\/media\/8981"}],"wp:attachment":[{"href":"https:\/\/hostnetart.com.br\/baixada\/wp-json\/wp\/v2\/media?parent=8982"}],"wp:term":[{"taxonomy":"category","embeddable":true,"href":"https:\/\/hostnetart.com.br\/baixada\/wp-json\/wp\/v2\/categories?post=8982"},{"taxonomy":"post_tag","embeddable":true,"href":"https:\/\/hostnetart.com.br\/baixada\/wp-json\/wp\/v2\/tags?post=8982"}],"curies":[{"name":"wp","href":"https:\/\/api.w.org\/{rel}","templated":true}]}}