{"id":898,"date":"2015-06-19T13:46:00","date_gmt":"2015-06-19T16:46:00","guid":{"rendered":"https:\/\/hostnetart.com.br\/baixada\/contraf-cut-retoma-debate-sobre-saude-com-a-fenaban-nos-dias-25-e-26\/"},"modified":"2015-06-19T13:46:00","modified_gmt":"2015-06-19T16:46:00","slug":"contraf-cut-retoma-debate-sobre-saude-com-a-fenaban-nos-dias-25-e-26","status":"publish","type":"post","link":"https:\/\/hostnetart.com.br\/baixada\/contraf-cut-retoma-debate-sobre-saude-com-a-fenaban-nos-dias-25-e-26\/","title":{"rendered":"Contraf- cut retoma debate sobre sa\u00fade com a Fenaban nos dias 25 e 26"},"content":{"rendered":"<p>A Contraf-CUT, federa\u00e7\u00f5es e sindicatos retomam na pr\u00f3xima semana, com a Fenaban, as mesas tem\u00e1ticas de Sa\u00fade do Trabalhador. A primeira reuni\u00e3o, marcada para o dia 25 (quinta-feira), discutir\u00e1 o GT do Adoecimento. O grupo de trabalho bipartite tem a fun\u00e7\u00e3o de analisar as causas dos afastamentos dos empregados do ramo financeiro, conforme a Cl\u00e1usula 62\u00aa da Conven\u00e7\u00e3o Coletiva de Trabalho (CCT). Na segunda reuni\u00e3o, no dia 26 (sexta-feira), os banc\u00e1rios ir\u00e3o avaliar o Instrumento de Combate ao Ass\u00e9dio Moral, previsto na cl\u00e1usula 56\u00aa da CCT.<\/p>\n<p>O secret\u00e1rio de Sa\u00fade do Trabalhador da Contra-CUT , Walcir Previtale, lembra que haver\u00e1 reuni\u00f5es preparat\u00f3rias, na sede da Confedera\u00e7\u00e3o, antes das negocia\u00e7\u00f5es com a Fenaban. A participa\u00e7\u00e3o \u00e9 livre e aberta a todos os interessados nas quest\u00f5es de sa\u00fade dos trabalhadores.<\/p>\n<p>\u201cNos dias 24 e 25 vamos preparar a negocia\u00e7\u00e3o com a Fenaban. As reuni\u00f5es s\u00e3o \u00e0s 14h e 10 h respectivamente. \u00c9 um debate importante. Na \u00faltima mesa de sa\u00fade com os bancos cobramos mais empenho no combate ao ass\u00e9dio moral e \u00e0s causas de afastamento dos banc\u00e1rios. H\u00e1 muitas falhas no tr\u00e2nsito das informa\u00e7\u00f5es encaminhadas, no retorno dado pelo banco e na resolu\u00e7\u00e3o dos casos\u201d, avalia Walcir. <\/p>\n<p><strong>Adoecimento<\/strong><\/p>\n<p>No ramo financeiro, as doen\u00e7as relacionadas \u00e0 sa\u00fade mental j\u00e1 superam as do sistema osteomuscular e do tecido conjuntivo, as chamadas LER\/Dort. Em 2013 foram 18.671 afastamentos de banc\u00e1rios por problemas de sa\u00fade. Do total de aux\u00edlios-doen\u00e7a acident\u00e1rios concedidos pelo INSS, 52,7% tiveram como causas principais os transtornos mentais e as doen\u00e7as do sistema nervoso. Isso significa dizer que, de cada dez banc\u00e1rios doentes, cinco s\u00e3o por depress\u00e3o. <\/p>\n<p>\u201cPress\u00e3o e autoritarismo favorecem o surgimento de doen\u00e7as. Estudos publicados detectaram que o ritmo intenso de trabalho, as metas estabelecidas sem a participa\u00e7\u00e3o dos trabalhadores e imposs\u00edveis de serem cumpridas, induzem os banc\u00e1rios a ultrapassarem seus limites\u201d, ressalta o secret\u00e1rio.<\/p>\n<p><strong>Relat\u00f3rio do Coletivo de Sa\u00fade<\/strong><\/p>\n<p>Os temas que estar\u00e3o em debate com a Fenaban tamb\u00e9m foram discutidos na \u00faltima reuni\u00e3o do Coletivo Nacional de Sa\u00fade do Trabalhador da Contraf-CUT, no final de maio. O encontro, com representantes de federa\u00e7\u00f5es e sindicatos de todo o pa\u00eds, gerou um relat\u00f3rio com as demandas pr\u00f3prias da categoria e tamb\u00e9m da classe trabalhadora, de forma geral, na \u00e1rea da sa\u00fade. <\/p>\n<p>Clique aqui para acessar o relat\u00f3rio completo<\/p>\n<p><strong>PLANSAT<\/strong><\/p>\n<p>O Plano Nacional de Seguran\u00e7a e Sa\u00fade no Trabalho (PLANSAT ) foi um dos temas debatidos. Atualmente, a revis\u00e3o do PLANSAT est\u00e1 suspensa por tempo indeterminado. O pedido foi feito pela CUT, que apontou diversos problemas no plano, o qual faz parte da Pol\u00edtica Nacional de Sa\u00fade do Trabalhador (PNSST). <\/p>\n<p>\u201cA garantia de participa\u00e7\u00e3o dos trabalhadores e de seus representantes n\u00e3o tem sido respeitada. At\u00e9 agora o Minist\u00e9rio da Previd\u00eancia Social tamb\u00e9m n\u00e3o disponibilizou para a sociedade os dados sobre a acidentalidade nas empresas, a partir do CNPJ. S\u00e3o muitas as falhas\u201d, explica o secret\u00e1rio da Contraf-CUT. <\/p>\n<p><strong>FAP<\/strong><\/p>\n<p>Os trabalhadores tamb\u00e9m est\u00e3o preocupados com as mudan\u00e7as que a previd\u00eancia pretende fazer na f\u00f3rmula de c\u00e1lculo do Fator Acident\u00e1rio de Preven\u00e7\u00e3o (FAP). Entre as modifica\u00e7\u00f5es sugeridas, h\u00e1 possibilidade de c\u00e1lculo diferenciado desse fator para matriz e filial. Uma empresa que paga em n\u00edvel nacional um FAP \u00fanico hoje, passaria a pagar por cada um dos seus estabelecimentos. Ou seja, o FAP poder\u00e1 ter impacto menor na contagem por cada estabelecimento, do que na soma de todos os acidentes da empresa. <\/p>\n<p>Outra proposta que causa indigna\u00e7\u00e3o \u00e9 a exclus\u00e3o do acidente de trajeto, o qual ocorre entre o deslocamento do trabalhador de sua casa at\u00e9 o trabalho e vice-versa. <\/p>\n<p>A Contraf-CUT est\u00e1 encaminhando uma carta ao Minist\u00e9rio da Previd\u00eancia Social solicitando uma audi\u00eancia sobre o FAP. <\/p>\n<p><strong>NR-1<\/strong><\/p>\n<p>A nova Norma Regulamentadora 1 (NR-1), que disp\u00f5e sobre preven\u00e7\u00e3o em seguran\u00e7a e sa\u00fade no trabalho, tamb\u00e9m consta no relat\u00f3rio. Para os dirigentes sindicais, o texto-base est\u00e1 na contram\u00e3o da pr\u00f3pria Pol\u00edtica Nacional de Sa\u00fade do Trabalhador (PNSST), que segue a Conven\u00e7\u00e3o 155 da OIT e garante a representa\u00e7\u00e3o dos trabalhadores nas quest\u00f5es e discuss\u00f5es que envolvem sa\u00fade e ambiente de trabalho. O que n\u00e3o foi levado em conta na elabora\u00e7\u00e3o da nova NR-1. <\/p>\n<p><strong>MP 664<\/strong><\/p>\n<p>A Medida Provis\u00f3ria (MP) n\u00ba 664, publicada m 30 de dezembro do ano passado, que muda as regras para a concess\u00e3o de benef\u00edcios previdenci\u00e1rios, como o aux\u00edlio-doen\u00e7a, est\u00e1 na pauta de luta dos banc\u00e1rios. Al\u00e9m de retirar direitos dos trabalhadores, a MP autorizava a terceiriza\u00e7\u00e3o da per\u00edcia m\u00e9dia. <\/p>\n<p>\u201cAp\u00f3s press\u00e3o da classe trabalhadora, a presidenta Dilma Rousseff vetou a possibilidade de conv\u00eanios entre o INSS e entidades privadas para realiza\u00e7\u00e3o de per\u00edcia m\u00e9dica. O que significava uma terceiriza\u00e7\u00e3o do servi\u00e7o p\u00fablico. Mesmo com este veto ainda sacrifica os trabalhadores e representa um retrocesso\u201d, alerta Walcir.<\/p>\n<p>No relat\u00f3rio do Coletivo Nacional de Sa\u00fade do Trabalhador tamb\u00e9m constam outros temas: Proposta de revis\u00e3o da minuta de reivindica\u00e7\u00e3o; Macrossetor de servi\u00e7o; Projeto e-Social (programa governo federal, que pretende unificar o envio de informa\u00e7\u00f5es pelo empregador em rela\u00e7\u00e3o aos empregados). <\/p>\n<p>Fonte: Contraf-CUT<\/p>\n","protected":false},"excerpt":{"rendered":"<p>A Contraf-CUT, federa\u00e7\u00f5es e sindicatos retomam na pr\u00f3xima semana, com a Fenaban, as mesas tem\u00e1ticas de Sa\u00fade do Trabalhador. A primeira reuni\u00e3o, marcada para o dia 25 (quinta-feira), discutir\u00e1 o GT do Adoecimento. O grupo de trabalho bipartite tem a fun\u00e7\u00e3o de analisar as causas dos afastamentos dos empregados do ramo financeiro, conforme a Cl\u00e1usula [&hellip;]<\/p>\n","protected":false},"author":1,"featured_media":0,"comment_status":"","ping_status":"","sticky":false,"template":"","format":"standard","meta":{"footnotes":""},"categories":[3],"tags":[],"class_list":["post-898","post","type-post","status-publish","format-standard","hentry","category-noticias"],"_links":{"self":[{"href":"https:\/\/hostnetart.com.br\/baixada\/wp-json\/wp\/v2\/posts\/898","targetHints":{"allow":["GET"]}}],"collection":[{"href":"https:\/\/hostnetart.com.br\/baixada\/wp-json\/wp\/v2\/posts"}],"about":[{"href":"https:\/\/hostnetart.com.br\/baixada\/wp-json\/wp\/v2\/types\/post"}],"author":[{"embeddable":true,"href":"https:\/\/hostnetart.com.br\/baixada\/wp-json\/wp\/v2\/users\/1"}],"replies":[{"embeddable":true,"href":"https:\/\/hostnetart.com.br\/baixada\/wp-json\/wp\/v2\/comments?post=898"}],"version-history":[{"count":0,"href":"https:\/\/hostnetart.com.br\/baixada\/wp-json\/wp\/v2\/posts\/898\/revisions"}],"wp:attachment":[{"href":"https:\/\/hostnetart.com.br\/baixada\/wp-json\/wp\/v2\/media?parent=898"}],"wp:term":[{"taxonomy":"category","embeddable":true,"href":"https:\/\/hostnetart.com.br\/baixada\/wp-json\/wp\/v2\/categories?post=898"},{"taxonomy":"post_tag","embeddable":true,"href":"https:\/\/hostnetart.com.br\/baixada\/wp-json\/wp\/v2\/tags?post=898"}],"curies":[{"name":"wp","href":"https:\/\/api.w.org\/{rel}","templated":true}]}}