{"id":8978,"date":"2020-05-28T13:26:03","date_gmt":"2020-05-28T16:26:03","guid":{"rendered":"https:\/\/hostnetart.com.br\/baixada\/caixa-prorroga-trabalho-remoto\/"},"modified":"2020-05-28T13:26:03","modified_gmt":"2020-05-28T16:26:03","slug":"caixa-prorroga-trabalho-remoto","status":"publish","type":"post","link":"https:\/\/hostnetart.com.br\/baixada\/caixa-prorroga-trabalho-remoto\/","title":{"rendered":"Caixa prorroga trabalho remoto"},"content":{"rendered":"<p>A Caixa anunciou nesta ter\u00e7a-feira (27) que prorrogou o Projeto Remoto, que permite o trabalho em casa para os empregados do banco, at\u00e9 o dia 15 de julho. A \u00faltima mudan\u00e7a adiava o trabalho remoto at\u00e9 o dia 31 de maio. A not\u00edcia chega dias ap\u00f3s o discurso do presidente da Caixa, Pedro Guimar\u00e3es, sobre o home office ser uma \u201cfrescurada\u201d.<\/p>\n<p>O home office \u00e9 um dos princiais itens do protocolo de atua\u00e7\u00e3o de gestores e empregados. A medida, constru\u00edda em conjunto com as entidades e o movimento sindical, \u00e9 essencial para promover a sa\u00fade e defender a vida dos empregados e da popula\u00e7\u00e3o. Para o coordenador da Comiss\u00e3o Executiva dos Empregados da Caixa (CEE\/Caixa), Dion\u00edsio Reis, a fala do presidente da Caixa \u00e9 absurda e reflete a falta de conhecimento de Guimar\u00e3es sobre os trabalhadores. \u201cOs empregados merecem respeito pela tarefa que cumprem atrav\u00e9s da Caixa seja estando nas ag\u00eancias durante todos os per\u00edodos, seja nas outras \u00e1reas, que tamb\u00e9m s\u00e3o importantes para o funcionamento do banco\u201d, avaliou Dion\u00edsio.<\/p>\n<p>Ainda segundo o coordenador, o discurso do presidente da Caixa mostra a motiva\u00e7\u00e3o uma pol\u00edtica ratificando as medidas de abrandamento do protocolo que a Caixa tomou no dia 19 de maio. \u201cO que guia essas quest\u00f5es todas que o presidente da Caixa tem feito s\u00e3o motiva\u00e7\u00f5es politicas. Ele est\u00e1 se promovendo. Porque a empresa abranda o protocolo de prote\u00e7\u00e3o \u00e0 Covid-19? Porque ainda n\u00e3o descentraliza o aux\u00edlio emergencial ou fez uma discuss\u00e3o com prefeitos e governadores que diminu\u00edria as filas? Est\u00e1 explicado. \u00c9 uma quest\u00e3o pol\u00edtica\u201d, afirmou Dion\u00edsio.<\/p>\n<p>Para a secret\u00e1ria da Cultura e representante da Confedera\u00e7\u00e3o Nacional dos Trabalhadores do Ramo Financeiro (Contraf-CUT) nas negocia\u00e7\u00f5es com o banco, Fabiana Uehara, a prorroga\u00e7\u00e3o do home office \u00e9 algo importante e que tem sido defendido pelas entidades, assim como o. \u201cVamos continuar defendendo o isolamento social. O home office \u00e9 fundamental para evitar a contamina\u00e7\u00e3o dos colegas e minimizar os impactos no sistema de sa\u00fade\u201d, ressaltou.<\/p>\n<p>A Federa\u00e7\u00e3o Nacional das Associa\u00e7\u00f5es do Pessoal da Caixa Econ\u00f4mica Federal (Fenae) tamb\u00e9m defende os protocolos constru\u00eddos com as demandas dos empregados e das entidades. \u201cOs trabalhadores do banco e a popula\u00e7\u00e3o s\u00e3o v\u00edtimas da inefici\u00eancia e da irresponsabilidade do governo. O trabalho remoto \u00e9 importante para os empregados e para a popula\u00e7\u00e3o protegendo-os da contamina\u00e7\u00e3o e evitando a aglomera\u00e7\u00e3o nas ag\u00eancias\u201d, avaliou o presidente da Federa\u00e7\u00e3o, S\u00e9rgio Takemoto.<\/p>\n<h3>Caixa abrandou os protocolos<\/h3>\n<p>A CEE\/Caixa t\u00eam cobrado intensamente a Caixa para que cumpra os protocolos de combate \u00e0 pandemia da Covid-19 no momento em que os n\u00famero de Covid-19 mais crescem. Mesmo com as reivindica\u00e7\u00f5es, a Caixa abrandou o protocolo em uma decis\u00e3o unilateral. \u201cN\u00e3o \u00e9 o momento de abrandar os protocolos. \u00c9 o momento de fortalecer a preven\u00e7\u00e3o e a promo\u00e7\u00e3o da sa\u00fade\u201d, afirmou o coordenador da Comiss\u00e3o.<\/p>\n<h3>Projeto Remoto<\/h3>\n<p>O Projeto Remoto \u00e9 uma modalidade de Trabalho Remoto Simplificado. Foi lan\u00e7ando em mar\u00e7o e tinha o prazo de 30 dias. A prorroga\u00e7\u00e3o do projeto poder\u00e1 continuar ocorrendo de acordo com a necessidade do banco.<\/p>\n<p>A CEE lembra que a renova\u00e7\u00e3o \u00e9 feita automaticamente pela \u00e1rea respons\u00e1vel.<\/p>\n<p><strong>Fonte: Contraf-CUT<\/strong><\/p>\n","protected":false},"excerpt":{"rendered":"<p>A Caixa anunciou nesta ter\u00e7a-feira (27) que prorrogou o Projeto Remoto, que permite o trabalho em casa para os empregados do banco, at\u00e9 o dia 15 de julho. A \u00faltima mudan\u00e7a adiava o trabalho remoto at\u00e9 o dia 31 de maio. A not\u00edcia chega dias ap\u00f3s o discurso do presidente da Caixa, Pedro Guimar\u00e3es, sobre [&hellip;]<\/p>\n","protected":false},"author":2,"featured_media":8977,"comment_status":"","ping_status":"","sticky":false,"template":"","format":"standard","meta":{"footnotes":""},"categories":[3],"tags":[],"class_list":["post-8978","post","type-post","status-publish","format-standard","has-post-thumbnail","hentry","category-noticias"],"_links":{"self":[{"href":"https:\/\/hostnetart.com.br\/baixada\/wp-json\/wp\/v2\/posts\/8978","targetHints":{"allow":["GET"]}}],"collection":[{"href":"https:\/\/hostnetart.com.br\/baixada\/wp-json\/wp\/v2\/posts"}],"about":[{"href":"https:\/\/hostnetart.com.br\/baixada\/wp-json\/wp\/v2\/types\/post"}],"author":[{"embeddable":true,"href":"https:\/\/hostnetart.com.br\/baixada\/wp-json\/wp\/v2\/users\/2"}],"replies":[{"embeddable":true,"href":"https:\/\/hostnetart.com.br\/baixada\/wp-json\/wp\/v2\/comments?post=8978"}],"version-history":[{"count":0,"href":"https:\/\/hostnetart.com.br\/baixada\/wp-json\/wp\/v2\/posts\/8978\/revisions"}],"wp:featuredmedia":[{"embeddable":true,"href":"https:\/\/hostnetart.com.br\/baixada\/wp-json\/wp\/v2\/media\/8977"}],"wp:attachment":[{"href":"https:\/\/hostnetart.com.br\/baixada\/wp-json\/wp\/v2\/media?parent=8978"}],"wp:term":[{"taxonomy":"category","embeddable":true,"href":"https:\/\/hostnetart.com.br\/baixada\/wp-json\/wp\/v2\/categories?post=8978"},{"taxonomy":"post_tag","embeddable":true,"href":"https:\/\/hostnetart.com.br\/baixada\/wp-json\/wp\/v2\/tags?post=8978"}],"curies":[{"name":"wp","href":"https:\/\/api.w.org\/{rel}","templated":true}]}}