{"id":8968,"date":"2020-05-27T03:34:15","date_gmt":"2020-05-27T06:34:15","guid":{"rendered":"https:\/\/hostnetart.com.br\/baixada\/coe-santander-se-reune-com-o-banco-nesta-quarta-27\/"},"modified":"2020-05-27T03:34:15","modified_gmt":"2020-05-27T06:34:15","slug":"coe-santander-se-reune-com-o-banco-nesta-quarta-27","status":"publish","type":"post","link":"https:\/\/hostnetart.com.br\/baixada\/coe-santander-se-reune-com-o-banco-nesta-quarta-27\/","title":{"rendered":"COE Santander se re\u00fane com o banco nesta quarta (27)"},"content":{"rendered":"<p>A Comiss\u00e3o de Organiza\u00e7\u00e3o dos Empregados (COE) do banco Santander se re\u00fane por videoconfer\u00eancia com o banco nesta quarta-feira (27), a partir das 10h, para tratar sobre o banco de horas negativo que foi implementado pelo banco, a pretens\u00e3o do banco de promover o retorno do home office com rod\u00edzio de trabalhadores, a cobran\u00e7a de metas mesmo em per\u00edodo de pandemia, o n\u00e3o pagamento da remunera\u00e7\u00e3o vari\u00e1vel e a mudan\u00e7a nos procedimentos em casos de suspeita de contamina\u00e7\u00e3o por Covid-19.<\/p>\n<p>\u201cO banco tem tomado algumas medidas sem que haja negocia\u00e7\u00e3o e nem ao menos comunicado pr\u00e9vio com a representa\u00e7\u00e3o dos trabalhadores, que ficam sabendo dessas a\u00e7\u00f5es pela imprensa, ou somente depois que as mesmas s\u00e3o implementadas. Nosso Acordo Coletivo de Trabalho prev\u00ea que haja, pelo menos, comunica\u00e7\u00e3o pr\u00e9via \u00e0 representa\u00e7\u00e3o dos trabalhadores\u201d, explicou o secret\u00e1rio de Assuntos Socioecon\u00f4micos e representante da Confedera\u00e7\u00e3o Nacional dos Trabalhadores do Ramo Financeiro (Contraf-CUT) nas negocia\u00e7\u00f5es com o banco, Mario Raia. \u201cVamos tratar destes temas e refor\u00e7ar a necessidade da manuten\u00e7\u00e3o das rela\u00e7\u00f5es entre o banco e as entidades sindicais\u201d, concluiu.<\/p>\n<p><strong>Fonte: Contraf-CUT<\/strong><\/p>\n","protected":false},"excerpt":{"rendered":"<p>A Comiss\u00e3o de Organiza\u00e7\u00e3o dos Empregados (COE) do banco Santander se re\u00fane por videoconfer\u00eancia com o banco nesta quarta-feira (27), a partir das 10h, para tratar sobre o banco de horas negativo que foi implementado pelo banco, a pretens\u00e3o do banco de promover o retorno do home office com rod\u00edzio de trabalhadores, a cobran\u00e7a de [&hellip;]<\/p>\n","protected":false},"author":2,"featured_media":8967,"comment_status":"","ping_status":"","sticky":false,"template":"","format":"standard","meta":{"footnotes":""},"categories":[3],"tags":[],"class_list":["post-8968","post","type-post","status-publish","format-standard","has-post-thumbnail","hentry","category-noticias"],"_links":{"self":[{"href":"https:\/\/hostnetart.com.br\/baixada\/wp-json\/wp\/v2\/posts\/8968","targetHints":{"allow":["GET"]}}],"collection":[{"href":"https:\/\/hostnetart.com.br\/baixada\/wp-json\/wp\/v2\/posts"}],"about":[{"href":"https:\/\/hostnetart.com.br\/baixada\/wp-json\/wp\/v2\/types\/post"}],"author":[{"embeddable":true,"href":"https:\/\/hostnetart.com.br\/baixada\/wp-json\/wp\/v2\/users\/2"}],"replies":[{"embeddable":true,"href":"https:\/\/hostnetart.com.br\/baixada\/wp-json\/wp\/v2\/comments?post=8968"}],"version-history":[{"count":0,"href":"https:\/\/hostnetart.com.br\/baixada\/wp-json\/wp\/v2\/posts\/8968\/revisions"}],"wp:featuredmedia":[{"embeddable":true,"href":"https:\/\/hostnetart.com.br\/baixada\/wp-json\/wp\/v2\/media\/8967"}],"wp:attachment":[{"href":"https:\/\/hostnetart.com.br\/baixada\/wp-json\/wp\/v2\/media?parent=8968"}],"wp:term":[{"taxonomy":"category","embeddable":true,"href":"https:\/\/hostnetart.com.br\/baixada\/wp-json\/wp\/v2\/categories?post=8968"},{"taxonomy":"post_tag","embeddable":true,"href":"https:\/\/hostnetart.com.br\/baixada\/wp-json\/wp\/v2\/tags?post=8968"}],"curies":[{"name":"wp","href":"https:\/\/api.w.org\/{rel}","templated":true}]}}