{"id":8966,"date":"2020-05-27T03:33:24","date_gmt":"2020-05-27T06:33:24","guid":{"rendered":"https:\/\/hostnetart.com.br\/baixada\/caixa-nega-conciliacao-em-audiencia-sobre-aprovados-do-concurso-publico-de-2014\/"},"modified":"2020-05-27T03:33:24","modified_gmt":"2020-05-27T06:33:24","slug":"caixa-nega-conciliacao-em-audiencia-sobre-aprovados-do-concurso-publico-de-2014","status":"publish","type":"post","link":"https:\/\/hostnetart.com.br\/baixada\/caixa-nega-conciliacao-em-audiencia-sobre-aprovados-do-concurso-publico-de-2014\/","title":{"rendered":"Caixa nega concilia\u00e7\u00e3o em audi\u00eancia sobre aprovados do concurso p\u00fablico de 2014"},"content":{"rendered":"<p>A Caixa Econ\u00f4mica Federal negou a tentativa de<a href=\"https:\/\/contrafcut.com.br\/wp-content\/uploads\/2020\/05\/ata_audiencia.pdf?x46784\" target=\"_blank\" rel=\"noopener noreferrer\">\u00a0acordo judicial \u00e0 Justi\u00e7a do Trabalho, por meio do Centro Judici\u00e1rio de Solu\u00e7\u00e3o de Conflitos e Cidadania de Bras\u00edlia (Cejusc), na tarde desta segunda-feira (25), com o Minist\u00e9rio P\u00fablico do Trabalho, a Confedera\u00e7\u00e3o Nacional dos Trabalhadores do Ramo Financeiro (Contraf-CUT) e a Federa\u00e7\u00e3o Nacional das Associa\u00e7\u00f5es do Pessoal da Caixa (Fenae)<\/a>, para contrata\u00e7\u00e3o do cadastro geral do concurso de 2014.<\/p>\n<p>A Caixa negou a possibilidade de concilia\u00e7\u00e3o, por entender que a Justi\u00e7a do Trabalho n\u00e3o \u00e9 competente para apreciar a mat\u00e9ria.<\/p>\n<p>Fabiana Uehara Proscholdt, secret\u00e1ria da Cultura e representante da Confedera\u00e7\u00e3o Nacional dos Trabalhadores do Ramo Financeiro (Contraf-CUT) nas negocia\u00e7\u00f5es com o banco, refor\u00e7ou que \u201c<a href=\"https:\/\/contrafcut.com.br\/noticias\/contraf-cut-cobra-civilidade-de-presidente-da-caixa\/\" target=\"_blank\" rel=\"noopener noreferrer\">nunca saiu de pauta da mesa de negocia\u00e7\u00e3o permanente a necessidade de mais contrata\u00e7\u00f5es por parte da Caixa. Um of\u00edcio enviado recentemente pela Contraf-CUT, inclusive, cobrou novamente essas contrata\u00e7\u00f5es<\/a>.\u201d<\/p>\n<p>Agora, o processo retornar\u00e1 a pauta de julgamento da Segunda Turma do Tribunal Regional do Trabalho da 10\u00aa Regi\u00e3o. \u201cAs entidades sempre lutaram pela Caixa 100% p\u00fablica e isso passa tamb\u00e9m por termos mais empregados j\u00e1 que a demanda de trabalho n\u00e3o diminuiu e o banco tem lucro. Temos colegas com a\u00e7\u00f5es judiciais trabalhando de forma prec\u00e1ria e que deveriam ser efetivados em definitivo e muitos outros concursados aguardando a admiss\u00e3o. \u00c9 necess\u00e1rio a disposi\u00e7\u00e3o por parte da Caixa de negociar e compor solu\u00e7\u00f5es coisa que n\u00e3o temos observado a anos\u201d, afirmou S\u00e9rgio Takemoto, secret\u00e1rio de Finan\u00e7as da Contraf-CUT e presidente da Fenae<\/p>\n<h3>Hist\u00f3rico<\/h3>\n<p>No in\u00edcio do m\u00eas, o Tribunal Regional do Trabalho da 10\u00aa Regi\u00e3o (DF\/TO) encaminhou a A\u00e7\u00e3o Civil P\u00fablica (ACP) que pede a suspens\u00e3o, por 90 dias, da contrata\u00e7\u00e3o dos aprovados no concurso de 2014. A ideia era fazer acordo judicial, por meio do Cejusc, com a Caixa Econ\u00f4mica Federal e o Minist\u00e9rio P\u00fablico do Trabalho.<\/p>\n<p>A ACP foi julgada procedente em primeira inst\u00e2ncia, postergando a validade do concurso at\u00e9 o tr\u00e2nsito em julgado da decis\u00e3o e condenou a Caixa a apresentar, no prazo de seis meses, um estudo de dimensionamento do quadro de pessoal e, em seguida, promover a convoca\u00e7\u00e3o de pelo menos 2 mil novos empregados, considerando-se o total de trabalhadores na \u00e9poca da confec\u00e7\u00e3o da cl\u00e1usula 50 do Acordo Coletivo de Trabalho (ACT) 2014\/2015.<\/p>\n<p>Em mar\u00e7o de 2020, o Supremo Tribunal Federal (STF) decidiu que a compet\u00eancia para julgar tais a\u00e7\u00f5es seria da Justi\u00e7a Comum. A decis\u00e3o do Supremo ainda n\u00e3o foi publicada e ainda cabe questionamento quanto \u00e0 modula\u00e7\u00e3o dos seus efeitos, ou seja, se a dimens\u00e3o de sua aplica\u00e7\u00e3o alcan\u00e7aria a ACP dos concursados gerais.<\/p>\n<p>O concurso de 2014 foi um dos maiores realizados pelo banco, com quase 1,2 milh\u00e3o de inscritos. Foram considerados aprovados 32.879 candidatos. Por\u00e9m, foram contratados menos de 8% do total.<\/p>\n<p><strong>Fonte: Contraf-CUT<\/strong><\/p>\n","protected":false},"excerpt":{"rendered":"<p>A Caixa Econ\u00f4mica Federal negou a tentativa de\u00a0acordo judicial \u00e0 Justi\u00e7a do Trabalho, por meio do Centro Judici\u00e1rio de Solu\u00e7\u00e3o de Conflitos e Cidadania de Bras\u00edlia (Cejusc), na tarde desta segunda-feira (25), com o Minist\u00e9rio P\u00fablico do Trabalho, a Confedera\u00e7\u00e3o Nacional dos Trabalhadores do Ramo Financeiro (Contraf-CUT) e a Federa\u00e7\u00e3o Nacional das Associa\u00e7\u00f5es do Pessoal [&hellip;]<\/p>\n","protected":false},"author":2,"featured_media":8965,"comment_status":"","ping_status":"","sticky":false,"template":"","format":"standard","meta":{"footnotes":""},"categories":[3],"tags":[],"class_list":["post-8966","post","type-post","status-publish","format-standard","has-post-thumbnail","hentry","category-noticias"],"_links":{"self":[{"href":"https:\/\/hostnetart.com.br\/baixada\/wp-json\/wp\/v2\/posts\/8966","targetHints":{"allow":["GET"]}}],"collection":[{"href":"https:\/\/hostnetart.com.br\/baixada\/wp-json\/wp\/v2\/posts"}],"about":[{"href":"https:\/\/hostnetart.com.br\/baixada\/wp-json\/wp\/v2\/types\/post"}],"author":[{"embeddable":true,"href":"https:\/\/hostnetart.com.br\/baixada\/wp-json\/wp\/v2\/users\/2"}],"replies":[{"embeddable":true,"href":"https:\/\/hostnetart.com.br\/baixada\/wp-json\/wp\/v2\/comments?post=8966"}],"version-history":[{"count":0,"href":"https:\/\/hostnetart.com.br\/baixada\/wp-json\/wp\/v2\/posts\/8966\/revisions"}],"wp:featuredmedia":[{"embeddable":true,"href":"https:\/\/hostnetart.com.br\/baixada\/wp-json\/wp\/v2\/media\/8965"}],"wp:attachment":[{"href":"https:\/\/hostnetart.com.br\/baixada\/wp-json\/wp\/v2\/media?parent=8966"}],"wp:term":[{"taxonomy":"category","embeddable":true,"href":"https:\/\/hostnetart.com.br\/baixada\/wp-json\/wp\/v2\/categories?post=8966"},{"taxonomy":"post_tag","embeddable":true,"href":"https:\/\/hostnetart.com.br\/baixada\/wp-json\/wp\/v2\/tags?post=8966"}],"curies":[{"name":"wp","href":"https:\/\/api.w.org\/{rel}","templated":true}]}}