{"id":8960,"date":"2020-05-26T17:25:00","date_gmt":"2020-05-26T20:25:00","guid":{"rendered":"https:\/\/hostnetart.com.br\/baixada\/privatizacao-do-bb-deixaria-comida-mais-cara-avalia-juvandia-moreira\/"},"modified":"2020-05-26T17:25:00","modified_gmt":"2020-05-26T20:25:00","slug":"privatizacao-do-bb-deixaria-comida-mais-cara-avalia-juvandia-moreira","status":"publish","type":"post","link":"https:\/\/hostnetart.com.br\/baixada\/privatizacao-do-bb-deixaria-comida-mais-cara-avalia-juvandia-moreira\/","title":{"rendered":"Privatiza\u00e7\u00e3o do BB deixaria comida mais cara, avalia Juvandia Moreira"},"content":{"rendered":"<p>Em meio \u00e0 divulga\u00e7\u00e3o do v\u00eddeo da reuni\u00e3o ministerial de 22 de abril, algumas das coloca\u00e7\u00f5es do ministro da Economia, Paulo Guedes, receberam menos destaque que a de outros integrantes do gabinete de Jair Bolsonaro.<\/p>\n<p>Falando de forma expl\u00edcita, Guedes defendeu a privatiza\u00e7\u00e3o do Banco do Brasil. Na reuni\u00e3o, n\u00e3o h\u00e1 diverg\u00eancia entre o economista e o presidente da Rep\u00fablica, exceto quanto \u00e0 data: o primeiro defende a venda imediata; o segundo, apenas em 2023.<\/p>\n<p>Em entrevista \u00e0 TV 247, a presidenta da Confedera\u00e7\u00e3o Nacional dos Trabalhadores do Ramo Financeiro (Contraf-CUT), Juvandia Moreira, diz que a intens\u00e3o do governo teria repercuss\u00f5es diretas para toda a popula\u00e7\u00e3o: \u201cAlimento mais caro na mesa do brasileiro\u201d.<\/p>\n<p>\u201cA gente j\u00e1 tem, no Brasil, 2.340 munic\u00edpios que n\u00e3o t\u00eam ag\u00eancias banc\u00e1rias. Houve uma piora durante o governo Bolsonaro. Os bancos privados s\u00f3 querem estar em locais considerados \u2018lucrativos\u2019. A grande consequ\u00eancia seria aus\u00eancia de cr\u00e9dito, ou cr\u00e9dito mais caro. H\u00e1 lugares que 82% do cr\u00e9dito v\u00eam dos p\u00fablicos\u201d, explicou.<\/p>\n<p>Entender o impacto no pre\u00e7o dos alimentos, especificamente em um caso de venda do Banco do Brasil, \u00e9 simples. Cerca de 70% do cr\u00e9dito agr\u00edcola no Brasil \u00e9 concedido pela institui\u00e7\u00e3o e pelo Banco do Nordeste, tamb\u00e9m p\u00fablico. Os dados apontam que os privados atuam majoritariamente na regi\u00e3o sudeste, refor\u00e7ando desigualdades regionais.<\/p>\n<p>Sem estas institui\u00e7\u00f5es, a agricultura familiar \u2013 principal produtora de alimentos \u2013 teria piores condi\u00e7\u00f5es na obten\u00e7\u00e3o de cr\u00e9dito, dificultando a produ\u00e7\u00e3o.<\/p>\n<h3>Privatizar: Projeto Antigo<\/h3>\n<p>Juvandia lembrou que a entrega do Banco do Brasil \u00e0 iniciativa privada \u00e9 uma inten\u00e7\u00e3o posta no pa\u00eds desde o governo Temer.<\/p>\n<p>\u201cEles n\u00e3o fizeram a privatiza\u00e7\u00e3o antes, porque a gente conseguiu uma liminar [em 2017] no Supremo impedindo a privatiza\u00e7\u00e3o. Para privatizar, teria que passar no Congresso Nacional\u201d, lembrou.<\/p>\n<p>Na decis\u00e3o de m\u00e9rito do Supremo Tribunal Federal (STF), o plen\u00e1rio da Corte decidiu que a venda de empresas deve passar pelo Legislativo, mas n\u00e3o a de subsidi\u00e1rias. Desde ent\u00e3o, a estrat\u00e9gia privatista tem se adequado, buscando a venda de ativos espec\u00edficos das estatais.<\/p>\n<p>\u201cA\u00ed \u00e9 que est\u00e1 a quest\u00e3o: eles querem entregar tudo e a reuni\u00e3o deixa claro. Ele coloca o servidor p\u00fablico como inimigo. Essas declara\u00e7\u00f5es s\u00f3 mostram que est\u00e3o ali para fazer neg\u00f3cio, para atender os pr\u00f3prios interesses, que s\u00e3o os do mercado financeiro\u201d, disse Juvandia.<\/p>\n<p>Os interesses mencionados pela dirigente sindical tamb\u00e9m afetam a concess\u00e3o de cr\u00e9dito em outras \u00e1reas, notadamente para as empresas pequenas e m\u00e9dias. Na reuni\u00e3o que teve sua grava\u00e7\u00e3o divulgada, Guedes tamb\u00e9m afirma que emprestar a estas empresas \u00e9 \u201cperder dinheiro\u201d.<\/p>\n<p>\u201cDas principais linhas de cr\u00e9dito [a este setor], os R$ 40 bilh\u00f5es que anunciaram, \u00e9 a que est\u00e1 pior. S\u00f3 4% desse dinheiro foram emprestados. S\u00f3 77 mil empresas conseguiram, e mais de um milh\u00e3o poderiam acessar. As pequenas empresas s\u00e3o respons\u00e1veis pela maior parte dos empregos. N\u00e3o ter cr\u00e9dito significa n\u00e3o ter emprego\u201d, apontou.<\/p>\n<p>Conforme lembrado por ela, o Sebrae estima que as empresas de pequeno e m\u00e9dio porte s\u00e3o respons\u00e1veis por 90% dos empregos no Pa\u00eds.<\/p>\n<p><strong>Fonte:<\/strong>\u00a0<strong><a href=\"https:\/\/recontaai.com.br\/2020\/05\/25\/privatizar-bb-deixaria-comida-mais-cara-avalia-juvandia-moreira\/\" target=\"_blank\" rel=\"noopener noreferrer\">Reconta a\u00ed<\/a>, com edi\u00e7\u00f5es da Contraf-CUT<\/strong><\/p>\n<p>\u00a0<\/p>\n","protected":false},"excerpt":{"rendered":"<p>Em meio \u00e0 divulga\u00e7\u00e3o do v\u00eddeo da reuni\u00e3o ministerial de 22 de abril, algumas das coloca\u00e7\u00f5es do ministro da Economia, Paulo Guedes, receberam menos destaque que a de outros integrantes do gabinete de Jair Bolsonaro. Falando de forma expl\u00edcita, Guedes defendeu a privatiza\u00e7\u00e3o do Banco do Brasil. Na reuni\u00e3o, n\u00e3o h\u00e1 diverg\u00eancia entre o economista [&hellip;]<\/p>\n","protected":false},"author":2,"featured_media":8959,"comment_status":"","ping_status":"","sticky":false,"template":"","format":"standard","meta":{"footnotes":""},"categories":[3],"tags":[],"class_list":["post-8960","post","type-post","status-publish","format-standard","has-post-thumbnail","hentry","category-noticias"],"_links":{"self":[{"href":"https:\/\/hostnetart.com.br\/baixada\/wp-json\/wp\/v2\/posts\/8960","targetHints":{"allow":["GET"]}}],"collection":[{"href":"https:\/\/hostnetart.com.br\/baixada\/wp-json\/wp\/v2\/posts"}],"about":[{"href":"https:\/\/hostnetart.com.br\/baixada\/wp-json\/wp\/v2\/types\/post"}],"author":[{"embeddable":true,"href":"https:\/\/hostnetart.com.br\/baixada\/wp-json\/wp\/v2\/users\/2"}],"replies":[{"embeddable":true,"href":"https:\/\/hostnetart.com.br\/baixada\/wp-json\/wp\/v2\/comments?post=8960"}],"version-history":[{"count":0,"href":"https:\/\/hostnetart.com.br\/baixada\/wp-json\/wp\/v2\/posts\/8960\/revisions"}],"wp:featuredmedia":[{"embeddable":true,"href":"https:\/\/hostnetart.com.br\/baixada\/wp-json\/wp\/v2\/media\/8959"}],"wp:attachment":[{"href":"https:\/\/hostnetart.com.br\/baixada\/wp-json\/wp\/v2\/media?parent=8960"}],"wp:term":[{"taxonomy":"category","embeddable":true,"href":"https:\/\/hostnetart.com.br\/baixada\/wp-json\/wp\/v2\/categories?post=8960"},{"taxonomy":"post_tag","embeddable":true,"href":"https:\/\/hostnetart.com.br\/baixada\/wp-json\/wp\/v2\/tags?post=8960"}],"curies":[{"name":"wp","href":"https:\/\/api.w.org\/{rel}","templated":true}]}}