{"id":896,"date":"2014-03-25T00:00:00","date_gmt":"2014-03-25T03:00:00","guid":{"rendered":"https:\/\/hostnetart.com.br\/baixada\/cut-lembra-dia-internacional-para-o-direito-a-verdade-nesta-segunda\/"},"modified":"2014-03-25T00:00:00","modified_gmt":"2014-03-25T03:00:00","slug":"cut-lembra-dia-internacional-para-o-direito-a-verdade-nesta-segunda","status":"publish","type":"post","link":"https:\/\/hostnetart.com.br\/baixada\/cut-lembra-dia-internacional-para-o-direito-a-verdade-nesta-segunda\/","title":{"rendered":"CUT lembra Dia Internacional para o Direito \u00e0 Verdade nesta segunda"},"content":{"rendered":"<p>Em todo o mundo comemora-se em 24 de mar\u00e7o o \u201cDia Internacional para o Direito \u00e0 Verdade sobre as Graves Viola\u00e7\u00f5es de Direitos Humanos e para a Dignidade das V\u00edtimas\u201d. A data foi institu\u00edda em 2010, numa homenagem ao arcebispo de El Salvador, Dom Oscar Romero, assassinado naquele dia, em 1980, durante uma missa na capital daquele pa\u00eds. D. Oscar condenava e denunciava as viola\u00e7\u00f5es aos direitos humanos e \u00e0 dignidade das pessoas e por isto foi morto.<\/p>\n<p>No mundo todo, s\u00e3o quase 50 mil desaparecidos for\u00e7ados somente nos \u00faltimos 33 anos, segundo levantamento da ONU, sendo milhares desses na Am\u00e9rica Latina. No Brasil, que viveu uma ditadura militar entre 1964 e 1985, temos centenas de mortos e desaparecidos. Milhares de trabalhadores e trabalhadoras foram presos\/as, torturados\/as, perseguidos\/as, perderam os empregos, expulsos\/as das terras, o que provocou aumento da pobreza e da mis\u00e9ria.<\/p>\n<p>Agora, depois de 50 anos, est\u00e1 em funcionamento a Comiss\u00e3o Nacional da Verdade (CNV) que tem entre seus objetivos investigar os crimes da ditadura militar. No \u00e2mbito da CNV foi criado o Grupo de Trabalho (GT) Ditadura e Repress\u00e3o aos Trabalhadores e ao Movimento Sindical. Este GT tem ativa participa\u00e7\u00e3o da CUT por meio da sua Comiss\u00e3o Nacional de Mem\u00f3ria, Verdade e Justi\u00e7a, que apoia os seus trabalhos.<\/p>\n<p>No pr\u00f3ximo dia 31 de mar\u00e7o, o golpe militar que instalou a ditadura far\u00e1 50 anos e temos que aproveitar o momento para dizer \u201cDitadura nunca mais\u201d. Os trabalhadores e trabalhadoras da cidade e do campo formam a maioria da popula\u00e7\u00e3o e foram os que mais sofreram com a ditadura militar. A CUT exige que todas as viola\u00e7\u00f5es cometidas durante a ditadura sejam apuradas.<\/p>\n<p>Neste 24 de mar\u00e7o, quando se comemora o Dia Internacional para o Direito \u00e0 Verdade sobre as Graves Viola\u00e7\u00f5es de Direitos Humanos e para a Dignidade das V\u00edtimas, a CUT, mais uma vez, reafirma e exige Verdade, Justi\u00e7a e Repara\u00e7\u00e3o. Seguimos e seguiremos lutando em defesa de nossa mem\u00f3ria hist\u00f3rica.<\/p>\n<p><strong>Comiss\u00e3o Nacional da Mem\u00f3ria, Verdade e Justi\u00e7a da CUT<\/strong><\/p>\n<p>Fonte: CUT<\/p>\n","protected":false},"excerpt":{"rendered":"<p>Em todo o mundo comemora-se em 24 de mar\u00e7o o \u201cDia Internacional para o Direito \u00e0 Verdade sobre as Graves Viola\u00e7\u00f5es de Direitos Humanos e para a Dignidade das V\u00edtimas\u201d. A data foi institu\u00edda em 2010, numa homenagem ao arcebispo de El Salvador, Dom Oscar Romero, assassinado naquele dia, em 1980, durante uma missa na [&hellip;]<\/p>\n","protected":false},"author":1,"featured_media":0,"comment_status":"","ping_status":"","sticky":false,"template":"","format":"standard","meta":{"footnotes":""},"categories":[3],"tags":[],"class_list":["post-896","post","type-post","status-publish","format-standard","hentry","category-noticias"],"_links":{"self":[{"href":"https:\/\/hostnetart.com.br\/baixada\/wp-json\/wp\/v2\/posts\/896","targetHints":{"allow":["GET"]}}],"collection":[{"href":"https:\/\/hostnetart.com.br\/baixada\/wp-json\/wp\/v2\/posts"}],"about":[{"href":"https:\/\/hostnetart.com.br\/baixada\/wp-json\/wp\/v2\/types\/post"}],"author":[{"embeddable":true,"href":"https:\/\/hostnetart.com.br\/baixada\/wp-json\/wp\/v2\/users\/1"}],"replies":[{"embeddable":true,"href":"https:\/\/hostnetart.com.br\/baixada\/wp-json\/wp\/v2\/comments?post=896"}],"version-history":[{"count":0,"href":"https:\/\/hostnetart.com.br\/baixada\/wp-json\/wp\/v2\/posts\/896\/revisions"}],"wp:attachment":[{"href":"https:\/\/hostnetart.com.br\/baixada\/wp-json\/wp\/v2\/media?parent=896"}],"wp:term":[{"taxonomy":"category","embeddable":true,"href":"https:\/\/hostnetart.com.br\/baixada\/wp-json\/wp\/v2\/categories?post=896"},{"taxonomy":"post_tag","embeddable":true,"href":"https:\/\/hostnetart.com.br\/baixada\/wp-json\/wp\/v2\/tags?post=896"}],"curies":[{"name":"wp","href":"https:\/\/api.w.org\/{rel}","templated":true}]}}