{"id":8958,"date":"2020-05-26T17:24:03","date_gmt":"2020-05-26T20:24:03","guid":{"rendered":"https:\/\/hostnetart.com.br\/baixada\/contraf-cut-reivindica-mudanca-em-termo-de-autodeclaracao-de-saude-covid-19-da-caixa\/"},"modified":"2020-05-26T17:24:03","modified_gmt":"2020-05-26T20:24:03","slug":"contraf-cut-reivindica-mudanca-em-termo-de-autodeclaracao-de-saude-covid-19-da-caixa","status":"publish","type":"post","link":"https:\/\/hostnetart.com.br\/baixada\/contraf-cut-reivindica-mudanca-em-termo-de-autodeclaracao-de-saude-covid-19-da-caixa\/","title":{"rendered":"Contraf-CUT reivindica mudan\u00e7a em Termo de Autodeclara\u00e7\u00e3o de Sa\u00fade Covid-19 da Caixa"},"content":{"rendered":"<p>A Confedera\u00e7\u00e3o Nacional dos Trabalhadores do Ramo Financeiro (Contraf-CUT), assessorada pela Comiss\u00e3o Executiva dos Empregados (CEE), enviou of\u00edcio ao presidente da Caixa, Pedro Guimar\u00e3es, para reivindicar a exclus\u00e3o da op\u00e7\u00e3o \u201cN\u00e3o fa\u00e7o parte do Grupo de Risco\u201d em protocolo da Caixa.<\/p>\n<p>A Contraf-CUT tem recebido den\u00fancias dos sindicatos e federa\u00e7\u00f5es de que a op\u00e7\u00e3o pela autodeclara\u00e7\u00e3o de pertencimento ou n\u00e3o pertencimento a grupo de risco tem gerado press\u00e3o por parte de gestores da Caixa.<\/p>\n<p>\u201cSolicitamos que a Caixa tire essa op\u00e7\u00e3o do empregado preencher essa declara\u00e7\u00e3o se autodeclarando como n\u00e3o pertencente a grupos de risco. E principalmente que os gestores n\u00e3o forcem que os empregados a se autodeclarem assim. O colega assinalar na autodeclara\u00e7\u00e3o que n\u00e3o \u00e9 de risco sem fazer um acompanhamento rotineiro de sua sa\u00fade \u00e9 colocar uma responsabilidade para o trabalhador absurda. Isso porque a pessoa pode ter adquirido\/desenvolvido algo e n\u00e3o saber, al\u00e9m disso os estudos sobre a Covid-19 s\u00e3o recentes e o grupo de risco tem sido atualizado n\u00e3o cabendo ao empregado se enquadrar e sim a \u00e1rea de sa\u00fade e seguran\u00e7a do banco identificar os poss\u00edveis riscos\u201d.<\/p>\n<p>Na semana passada,\u00a0<a href=\"https:\/\/contrafcut.com.br\/noticias\/contraf-cut-questiona-motivos-da-caixa-abrandar-protocolo-de-saude-e-seguranca\/\" target=\"_blank\" rel=\"noopener noreferrer\">a Contraf-CUT j\u00e1 havia questionando a raz\u00e3o pela qual a Caixa est\u00e1 abrandando o protocolo de atua\u00e7\u00e3o de gestores e empregados durante a pandemia do novo coronav\u00edrus (Covid-19)<\/a>. Para os representantes dos trabalhadores, a mudan\u00e7a exp\u00f5e um retrocesso na preven\u00e7\u00e3o e promo\u00e7\u00e3o da sa\u00fade.<\/p>\n<p><strong>Fonte: Contraf-CUT<\/strong><\/p>\n","protected":false},"excerpt":{"rendered":"<p>A Confedera\u00e7\u00e3o Nacional dos Trabalhadores do Ramo Financeiro (Contraf-CUT), assessorada pela Comiss\u00e3o Executiva dos Empregados (CEE), enviou of\u00edcio ao presidente da Caixa, Pedro Guimar\u00e3es, para reivindicar a exclus\u00e3o da op\u00e7\u00e3o \u201cN\u00e3o fa\u00e7o parte do Grupo de Risco\u201d em protocolo da Caixa. A Contraf-CUT tem recebido den\u00fancias dos sindicatos e federa\u00e7\u00f5es de que a op\u00e7\u00e3o pela [&hellip;]<\/p>\n","protected":false},"author":2,"featured_media":8957,"comment_status":"","ping_status":"","sticky":false,"template":"","format":"standard","meta":{"footnotes":""},"categories":[3],"tags":[],"class_list":["post-8958","post","type-post","status-publish","format-standard","has-post-thumbnail","hentry","category-noticias"],"_links":{"self":[{"href":"https:\/\/hostnetart.com.br\/baixada\/wp-json\/wp\/v2\/posts\/8958","targetHints":{"allow":["GET"]}}],"collection":[{"href":"https:\/\/hostnetart.com.br\/baixada\/wp-json\/wp\/v2\/posts"}],"about":[{"href":"https:\/\/hostnetart.com.br\/baixada\/wp-json\/wp\/v2\/types\/post"}],"author":[{"embeddable":true,"href":"https:\/\/hostnetart.com.br\/baixada\/wp-json\/wp\/v2\/users\/2"}],"replies":[{"embeddable":true,"href":"https:\/\/hostnetart.com.br\/baixada\/wp-json\/wp\/v2\/comments?post=8958"}],"version-history":[{"count":0,"href":"https:\/\/hostnetart.com.br\/baixada\/wp-json\/wp\/v2\/posts\/8958\/revisions"}],"wp:featuredmedia":[{"embeddable":true,"href":"https:\/\/hostnetart.com.br\/baixada\/wp-json\/wp\/v2\/media\/8957"}],"wp:attachment":[{"href":"https:\/\/hostnetart.com.br\/baixada\/wp-json\/wp\/v2\/media?parent=8958"}],"wp:term":[{"taxonomy":"category","embeddable":true,"href":"https:\/\/hostnetart.com.br\/baixada\/wp-json\/wp\/v2\/categories?post=8958"},{"taxonomy":"post_tag","embeddable":true,"href":"https:\/\/hostnetart.com.br\/baixada\/wp-json\/wp\/v2\/tags?post=8958"}],"curies":[{"name":"wp","href":"https:\/\/api.w.org\/{rel}","templated":true}]}}