{"id":8956,"date":"2020-05-26T17:23:06","date_gmt":"2020-05-26T20:23:06","guid":{"rendered":"https:\/\/hostnetart.com.br\/baixada\/home-office-na-pandemia-e-protecao-a-saude-dos-empregados\/"},"modified":"2020-05-26T17:23:06","modified_gmt":"2020-05-26T20:23:06","slug":"home-office-na-pandemia-e-protecao-a-saude-dos-empregados","status":"publish","type":"post","link":"https:\/\/hostnetart.com.br\/baixada\/home-office-na-pandemia-e-protecao-a-saude-dos-empregados\/","title":{"rendered":"Home office na pandemia \u00e9 prote\u00e7\u00e3o \u00e0 sa\u00fade dos empregados"},"content":{"rendered":"<p>A Confedera\u00e7\u00e3o Nacional dos Trabalhadores do Ramo Financeiro (Contraf-CUT) repudia veementemente a declara\u00e7\u00e3o do presidente da Caixa Econ\u00f4mica Federal, Pedro Guimar\u00e3es, debochando do trabalho remoto feito pelos trabalhadores, durante a reuni\u00e3o ministerial em que o ex-ministro Sergio Moro apontou interfer\u00eancia do presidente Jair Bolsonaro (sem partido) na Pol\u00edcia Federal. \u201cOlha voc\u00eas t\u00e3o em casa? Eu tenho 30 mil funcion\u00e1rios na rua. N\u00e3o tem esse neg\u00f3cio, essa frescurada de home office. Eu j\u00e1 visitei 15 ag\u00eancias, e voc\u00ea em casa?\u201d, disse o presidente da Caixa.<\/p>\n<p>Pedro falava de uma negocia\u00e7\u00e3o de publicidade com uma emissora de TV, quando reclamou das \u201cporradas\u201d que levava da imprensa. Neste momento questionou o home office. Ele citou os pagamentos, mas sem detalhar, como argumento contra o afastamento do trabalho. \u201cQuer dizer, eu posso ter 30 mil brasileiros nas ag\u00eancias. Sabe quantas pessoas a Caixa est\u00e1 pagando hoje? Sete milh\u00f5es de pessoas e todo mundo em home office. Que porcaria \u00e9 essa?\u201d, reclamou.<\/p>\n<p>\u201c\u00c9 simplesmente um absurdo! Essa pessoa n\u00e3o tem a m\u00ednima ideia o que de fato \u00e9 ser um empregado da Caixa, est\u00e1 expondo os trabalhadores para se promover. Os empregados merecem respeito pela tarefa que cumprem atrav\u00e9s da Caixa seja estando nas ag\u00eancias durante todos os per\u00edodos, seja nas outras \u00e1reas, que tamb\u00e9m s\u00e3o importantes para o funcionamento do banco. Essa fala mostra o que ele realmente pensa e vem, na verdade, corroborar com as com medidas de abrandamento das a\u00e7\u00f5es de preven\u00e7\u00e3o \u00e0 sa\u00fade e seguran\u00e7a dos empregados, no momento em que a Covid-19 mais contamina e mata pessoas\u201d, disse o coordenador da Comiss\u00e3o Executiva dos Empregados (CEE) da Caixa, Dion\u00edsio Reis. \u201cEle p\u00f5e em risco n\u00e3o apenas os empregados, mas toda a popula\u00e7\u00e3o que busca o banco para ter acesso aos seus direitos\u201d, completou.<\/p>\n<p><strong>Fonte: Contraf-CUT<\/strong><\/p>\n","protected":false},"excerpt":{"rendered":"<p>A Confedera\u00e7\u00e3o Nacional dos Trabalhadores do Ramo Financeiro (Contraf-CUT) repudia veementemente a declara\u00e7\u00e3o do presidente da Caixa Econ\u00f4mica Federal, Pedro Guimar\u00e3es, debochando do trabalho remoto feito pelos trabalhadores, durante a reuni\u00e3o ministerial em que o ex-ministro Sergio Moro apontou interfer\u00eancia do presidente Jair Bolsonaro (sem partido) na Pol\u00edcia Federal. \u201cOlha voc\u00eas t\u00e3o em casa? Eu [&hellip;]<\/p>\n","protected":false},"author":2,"featured_media":8955,"comment_status":"","ping_status":"","sticky":false,"template":"","format":"standard","meta":{"footnotes":""},"categories":[3],"tags":[],"class_list":["post-8956","post","type-post","status-publish","format-standard","has-post-thumbnail","hentry","category-noticias"],"_links":{"self":[{"href":"https:\/\/hostnetart.com.br\/baixada\/wp-json\/wp\/v2\/posts\/8956","targetHints":{"allow":["GET"]}}],"collection":[{"href":"https:\/\/hostnetart.com.br\/baixada\/wp-json\/wp\/v2\/posts"}],"about":[{"href":"https:\/\/hostnetart.com.br\/baixada\/wp-json\/wp\/v2\/types\/post"}],"author":[{"embeddable":true,"href":"https:\/\/hostnetart.com.br\/baixada\/wp-json\/wp\/v2\/users\/2"}],"replies":[{"embeddable":true,"href":"https:\/\/hostnetart.com.br\/baixada\/wp-json\/wp\/v2\/comments?post=8956"}],"version-history":[{"count":0,"href":"https:\/\/hostnetart.com.br\/baixada\/wp-json\/wp\/v2\/posts\/8956\/revisions"}],"wp:featuredmedia":[{"embeddable":true,"href":"https:\/\/hostnetart.com.br\/baixada\/wp-json\/wp\/v2\/media\/8955"}],"wp:attachment":[{"href":"https:\/\/hostnetart.com.br\/baixada\/wp-json\/wp\/v2\/media?parent=8956"}],"wp:term":[{"taxonomy":"category","embeddable":true,"href":"https:\/\/hostnetart.com.br\/baixada\/wp-json\/wp\/v2\/categories?post=8956"},{"taxonomy":"post_tag","embeddable":true,"href":"https:\/\/hostnetart.com.br\/baixada\/wp-json\/wp\/v2\/tags?post=8956"}],"curies":[{"name":"wp","href":"https:\/\/api.w.org\/{rel}","templated":true}]}}