{"id":8954,"date":"2020-05-25T21:47:07","date_gmt":"2020-05-26T00:47:07","guid":{"rendered":"https:\/\/hostnetart.com.br\/baixada\/coletivo-nacional-de-saude-debate-situacao-da-categoria-durante-pandemia\/"},"modified":"2020-05-25T21:47:07","modified_gmt":"2020-05-26T00:47:07","slug":"coletivo-nacional-de-saude-debate-situacao-da-categoria-durante-pandemia","status":"publish","type":"post","link":"https:\/\/hostnetart.com.br\/baixada\/coletivo-nacional-de-saude-debate-situacao-da-categoria-durante-pandemia\/","title":{"rendered":"Coletivo Nacional de Sa\u00fade debate situa\u00e7\u00e3o da categoria durante pandemia"},"content":{"rendered":"<p>O Coletivo Nacional de Sa\u00fade do Trabalhador da Confedera\u00e7\u00e3o Nacional dos Trabalhadores do Ramo Financeiro (Contraf-CUT) se reuniu na sexta-feira (22), por videoconfer\u00eancia, para debater a situa\u00e7\u00e3o da categoria banc\u00e1ria durante a pandemia e os reflexos das mudan\u00e7as nos procedimentos do INSS.<\/p>\n<p>Todos os representantes dos trabalhadores presentes na reuni\u00e3o protestaram contra as atitudes de alguns bancos, que ensaiam a flexibiliza\u00e7\u00e3o das medidas protetivas sem negociar com os sindicatos, num momento de aumento do n\u00famero de casos e mortes pela Covid-19.<\/p>\n<p>De acordo com o secret\u00e1rio de Sa\u00fade do Trabalhador da Contraf-CUT, Mauro Salles, a ideia de flexibiliza\u00e7\u00e3o nos procedimentos de preven\u00e7\u00e3o \u00e9 inadmiss\u00edvel nesse momento. \u201cEm algumas situa\u00e7\u00f5es, algumas ag\u00eancias n\u00e3o fazem sequer a sanitiza\u00e7\u00e3o do ambiente tendo caso confirmado do novo coronav\u00edrus e t\u00eam dificultado o afastamento de quem teve contato com colegas com suspeita de contamina\u00e7\u00e3o\u201d, afirmou.<\/p>\n<p>De acordo com o Coletivo, essas situa\u00e7\u00f5es t\u00eam contribu\u00eddo para aumentar a inseguran\u00e7a dos banc\u00e1rios. \u201cTens\u00e3o e medo s\u00e3o a t\u00f4nica na categoria diante do cen\u00e1rio nacional de aumento de casos e, diante da postura de alguns bancos, que deveriam dar seguran\u00e7a e tranquilidade para o trabalho, mudam procedimentos de forma pouco transparente, parecendo que a prioridade s\u00e3o os neg\u00f3cios e n\u00e3o a sa\u00fade e a vida\u201d, disse Mauro Salles.<\/p>\n<p>Outra situa\u00e7\u00e3o que causa dificuldades para a categoria banc\u00e1ria \u00e9 a situa\u00e7\u00e3o do INSS. H\u00e1 poucas ag\u00eancias para o atendimento ao p\u00fablico, o benef\u00edcio auxilio acidente \u00e9 concedido no valor de um sal\u00e1rio m\u00ednimo, atrav\u00e9s da apresenta\u00e7\u00e3o de laudos m\u00e9dicos via aplicativo, sem realizar per\u00edcia no momento. \u201cOcorre que os bancos n\u00e3o est\u00e3o fazendo a complementa\u00e7\u00e3o entre o que o INSS paga e o sal\u00e1rio do trabalhador, conforme estabelece nossa Conven\u00e7\u00e3o Coletiva de Trabalho. Est\u00e3o realizando como antecipa\u00e7\u00e3o o que traz preju\u00edzo aos banc\u00e1rios\u201d, disse o secret\u00e1rio da Sa\u00fade do Trabalhador da Contraf-CUT.<\/p>\n<p>Os representantes dos trabalhadores tamb\u00e9m debateram na reuni\u00e3o a necessidade de emiss\u00e3o de Comunica\u00e7\u00e3o de acidente de Trabalho (CAT) para quem adquiriu Covid-19, conforme estabelece a legisla\u00e7\u00e3o. \u201cA CAT \u00e9 um registro necess\u00e1rio mesmo na suspeita de doen\u00e7a do trabalho e serve para garantir futuros problemas de sa\u00fade e a busca do nexo para caracteriza\u00e7\u00e3o de acidente de trabalho\u201d, disse Mauro Salles.<\/p>\n<p>O Coletivo Nacional de Sa\u00fade definiu solicitar ao Comando Nacional dos Banc\u00e1rios uma reuni\u00e3o espec\u00edfica com a Federa\u00e7\u00e3o Nacional dos Bancos (Fenaban) para tratar destes temas entre outras quest\u00f5es.<\/p>\n<p><strong>Fonte: Contraf-CUT<\/strong><\/p>\n","protected":false},"excerpt":{"rendered":"<p>O Coletivo Nacional de Sa\u00fade do Trabalhador da Confedera\u00e7\u00e3o Nacional dos Trabalhadores do Ramo Financeiro (Contraf-CUT) se reuniu na sexta-feira (22), por videoconfer\u00eancia, para debater a situa\u00e7\u00e3o da categoria banc\u00e1ria durante a pandemia e os reflexos das mudan\u00e7as nos procedimentos do INSS. Todos os representantes dos trabalhadores presentes na reuni\u00e3o protestaram contra as atitudes de [&hellip;]<\/p>\n","protected":false},"author":2,"featured_media":8953,"comment_status":"","ping_status":"","sticky":false,"template":"","format":"standard","meta":{"footnotes":""},"categories":[3],"tags":[],"class_list":["post-8954","post","type-post","status-publish","format-standard","has-post-thumbnail","hentry","category-noticias"],"_links":{"self":[{"href":"https:\/\/hostnetart.com.br\/baixada\/wp-json\/wp\/v2\/posts\/8954","targetHints":{"allow":["GET"]}}],"collection":[{"href":"https:\/\/hostnetart.com.br\/baixada\/wp-json\/wp\/v2\/posts"}],"about":[{"href":"https:\/\/hostnetart.com.br\/baixada\/wp-json\/wp\/v2\/types\/post"}],"author":[{"embeddable":true,"href":"https:\/\/hostnetart.com.br\/baixada\/wp-json\/wp\/v2\/users\/2"}],"replies":[{"embeddable":true,"href":"https:\/\/hostnetart.com.br\/baixada\/wp-json\/wp\/v2\/comments?post=8954"}],"version-history":[{"count":0,"href":"https:\/\/hostnetart.com.br\/baixada\/wp-json\/wp\/v2\/posts\/8954\/revisions"}],"wp:featuredmedia":[{"embeddable":true,"href":"https:\/\/hostnetart.com.br\/baixada\/wp-json\/wp\/v2\/media\/8953"}],"wp:attachment":[{"href":"https:\/\/hostnetart.com.br\/baixada\/wp-json\/wp\/v2\/media?parent=8954"}],"wp:term":[{"taxonomy":"category","embeddable":true,"href":"https:\/\/hostnetart.com.br\/baixada\/wp-json\/wp\/v2\/categories?post=8954"},{"taxonomy":"post_tag","embeddable":true,"href":"https:\/\/hostnetart.com.br\/baixada\/wp-json\/wp\/v2\/tags?post=8954"}],"curies":[{"name":"wp","href":"https:\/\/api.w.org\/{rel}","templated":true}]}}