{"id":8952,"date":"2020-05-25T21:45:08","date_gmt":"2020-05-26T00:45:08","guid":{"rendered":"https:\/\/hostnetart.com.br\/baixada\/guedes-mostra-desprezo-pelo-banco-do-brasil-e-pelas-pequenas-empresas\/"},"modified":"2020-05-25T21:45:08","modified_gmt":"2020-05-26T00:45:08","slug":"guedes-mostra-desprezo-pelo-banco-do-brasil-e-pelas-pequenas-empresas","status":"publish","type":"post","link":"https:\/\/hostnetart.com.br\/baixada\/guedes-mostra-desprezo-pelo-banco-do-brasil-e-pelas-pequenas-empresas\/","title":{"rendered":"Guedes mostra desprezo pelo Banco do Brasil e pelas pequenas empresas"},"content":{"rendered":"<p>O ministro da Economia, Paulo Guedes, declarou na reuni\u00e3o ministerial do dia 22 de abril que \u201cN\u00f3s vamos ganhar dinheiro usando recursos p\u00fablicos pra salvar grandes companhias. Agora, n\u00f3s vamos perder dinheiro salvando empresas pequenininhas\u201d.<\/p>\n<p>\u201cOu seja, em meio a uma pandemia que resultar\u00e1 em uma crise econ\u00f4mica grav\u00edssima, o ministro da Economia do governo Bolsonaro, mais uma vez, revela sua mentalidade neoliberal e mostra que enxerga o governo como um banco privado ao avaliar uma suposta perda de recursos p\u00fablicos ao salvar empresas de porte menor, que s\u00e3o as respons\u00e1veis pela maior quantidade de vagas de emprego no pa\u00eds\u201d, afirmou o coordenador da Comiss\u00e3o de Empresa dos Funcion\u00e1rios do Banco do Brasil (CEBB), Jo\u00e3o Fukunaga.<\/p>\n<p>Em 2019, as micro e pequenas empresas abriram 731 mil vagas formais, enquanto as m\u00e9dias e grandes fecharam 88 mil. Considerando os dados de 2007 a 2019, os pequenos neg\u00f3cios criaram 12,4 milh\u00f5es de vagas. Enquanto isso, m\u00e9dias e grandes empresas fecharam 1,5 milh\u00e3o. Os dados s\u00e3o do Cadastro Geral de Empregados e Desempregados (Caged) e foram compilados pelo Sebrae.<\/p>\n<p>Na mesma reuni\u00e3o ministerial do dia 22 de abril, que foi divulgada na sexta-feira (22), pelo ministro do STF, Celso de Mello, Guedes tamb\u00e9m afirmou que\u00a0<a href=\"https:\/\/contrafcut.com.br\/noticias\/video-da-reuniao-ministerial-e-prova-de-ataques-ao-banco-do-brasil\/\" target=\"_blank\" rel=\"noopener noreferrer\">\u201ctem que vender essa porra logo\u201d<\/a>, em refer\u00eancia ao Banco do Brasil.<\/p>\n<p>\u201cCom esta declara\u00e7\u00e3o, Guedes despreza a fun\u00e7\u00e3o social que uma institui\u00e7\u00e3o p\u00fablica do porte do Banco do Brasil, que esbanja liquidez e rentabilidade, deveria exercer durante a crise do coronav\u00edrus, por meio da concess\u00e3o de cr\u00e9dito para ajudar as micro e pequenas empresas\u201d, afirmou Fukunaga.<\/p>\n<p>N\u00e3o \u00e9 s\u00f3\u00a0<a href=\"https:\/\/contrafcut.com.br\/noticias\/contraf-cut-critica-nova-ingerencia-no-banco-do-brasil\/\" target=\"_blank\" rel=\"noopener noreferrer\">Carlos Bolsonaro que anda assediando o Banco do Brasil<\/a>. Segundo a revista Veja, empres\u00e1rios bolsonaristas querem a cabe\u00e7a do chefe do banco, Rubem Novaes, por incompet\u00eancia na condu\u00e7\u00e3o da institui\u00e7\u00e3o. Justamente porque, no meio da crise do coronav\u00edrus, Novaes n\u00e3o tem agilidade para liberar cr\u00e9dito.<\/p>\n<h3><strong>Redu\u00e7\u00e3o do cr\u00e9dito para micro, pequenas e m\u00e9dias empresas<\/strong><\/h3>\n<p>Segundo as demonstra\u00e7\u00f5es financeiras do Banco do Brasil, entre mar\u00e7o de 2016 e mar\u00e7o de 2020 o valor da carteira para micro, m\u00e9dias e pequenas empresas (MPME) foi reduzida de R$ 127,3 bilh\u00f5es para R$ 65,9 bilh\u00f5es. No mesmo per\u00edodo, a carteira de cr\u00e9dito total encolheu de R$ 411,5 bilh\u00f5es para R$ 272,9 bilh\u00f5es, em valores reais (considerada a infla\u00e7\u00e3o do per\u00edodo).<\/p>\n<p>\u201cO banco j\u00e1 vinha perdendo carteira e, hoje, este cen\u00e1rio desolador causado pelo coronav\u00edrus est\u00e1 dificultando a libera\u00e7\u00e3o de cr\u00e9dito para quem realmente precisa, que \u00e9 o micro e pequeno empres\u00e1rio, o que reflete muito na vis\u00e3o do Paulo Guedes explicitada no v\u00eddeo da reuni\u00e3o ministerial do dia 22 de abril\u201d, afirmou Fukunaga.<\/p>\n<p>\u201cO Banco do Brasil \u00e9 uma empresa p\u00fablica com mais de 200 anos de hist\u00f3ria e deveria exercer a fun\u00e7\u00e3o social de conceder cr\u00e9dito para o setor produtivo preservar empregos, especialmente em meio a esta crise de propor\u00e7\u00f5es muito s\u00e9rias. Mas, ao inv\u00e9s de utiliz\u00e1-lo como instrumento antic\u00edclico, o ministro da Economia prefere usar de palavreado de baixo cal\u00e3o para atacar a institui\u00e7\u00e3o e defender sua venda\u201d, finaliza o dirigente.<\/p>\n<p><strong>Fonte: Contraf-CUT<\/strong><\/p>\n","protected":false},"excerpt":{"rendered":"<p>O ministro da Economia, Paulo Guedes, declarou na reuni\u00e3o ministerial do dia 22 de abril que \u201cN\u00f3s vamos ganhar dinheiro usando recursos p\u00fablicos pra salvar grandes companhias. Agora, n\u00f3s vamos perder dinheiro salvando empresas pequenininhas\u201d. \u201cOu seja, em meio a uma pandemia que resultar\u00e1 em uma crise econ\u00f4mica grav\u00edssima, o ministro da Economia do governo [&hellip;]<\/p>\n","protected":false},"author":2,"featured_media":8951,"comment_status":"","ping_status":"","sticky":false,"template":"","format":"standard","meta":{"footnotes":""},"categories":[3],"tags":[],"class_list":["post-8952","post","type-post","status-publish","format-standard","has-post-thumbnail","hentry","category-noticias"],"_links":{"self":[{"href":"https:\/\/hostnetart.com.br\/baixada\/wp-json\/wp\/v2\/posts\/8952","targetHints":{"allow":["GET"]}}],"collection":[{"href":"https:\/\/hostnetart.com.br\/baixada\/wp-json\/wp\/v2\/posts"}],"about":[{"href":"https:\/\/hostnetart.com.br\/baixada\/wp-json\/wp\/v2\/types\/post"}],"author":[{"embeddable":true,"href":"https:\/\/hostnetart.com.br\/baixada\/wp-json\/wp\/v2\/users\/2"}],"replies":[{"embeddable":true,"href":"https:\/\/hostnetart.com.br\/baixada\/wp-json\/wp\/v2\/comments?post=8952"}],"version-history":[{"count":0,"href":"https:\/\/hostnetart.com.br\/baixada\/wp-json\/wp\/v2\/posts\/8952\/revisions"}],"wp:featuredmedia":[{"embeddable":true,"href":"https:\/\/hostnetart.com.br\/baixada\/wp-json\/wp\/v2\/media\/8951"}],"wp:attachment":[{"href":"https:\/\/hostnetart.com.br\/baixada\/wp-json\/wp\/v2\/media?parent=8952"}],"wp:term":[{"taxonomy":"category","embeddable":true,"href":"https:\/\/hostnetart.com.br\/baixada\/wp-json\/wp\/v2\/categories?post=8952"},{"taxonomy":"post_tag","embeddable":true,"href":"https:\/\/hostnetart.com.br\/baixada\/wp-json\/wp\/v2\/tags?post=8952"}],"curies":[{"name":"wp","href":"https:\/\/api.w.org\/{rel}","templated":true}]}}