{"id":8950,"date":"2020-05-25T21:43:52","date_gmt":"2020-05-26T00:43:52","guid":{"rendered":"https:\/\/hostnetart.com.br\/baixada\/contraf-cut-lanca-nova-pesquisa-de-opiniao-da-categoria-durante-a-pandemia\/"},"modified":"2020-05-25T21:43:52","modified_gmt":"2020-05-26T00:43:52","slug":"contraf-cut-lanca-nova-pesquisa-de-opiniao-da-categoria-durante-a-pandemia","status":"publish","type":"post","link":"https:\/\/hostnetart.com.br\/baixada\/contraf-cut-lanca-nova-pesquisa-de-opiniao-da-categoria-durante-a-pandemia\/","title":{"rendered":"Contraf-CUT lan\u00e7a nova pesquisa de opini\u00e3o da categoria durante a pandemia"},"content":{"rendered":"<p>A Confedera\u00e7\u00e3o Nacional dos Trabalhadores do Ramo Financeiro (Contraf-CUT) lan\u00e7a nesta segunda-feira (25) mais uma pesquisa online em seu site para saber as opini\u00f5es da categoria durante a pandemia do coronav\u00edrus (Covid-19). Clique\u00a0<a href=\"https:\/\/pt.surveymonkey.com\/r\/5KPS53H\" target=\"_blank\" rel=\"noopener noreferrer\">aqui e participe da pesquisa<\/a>.<\/p>\n<p>A \u00faltima pesquisa, encerrada no in\u00edcio do m\u00eas, mostrou que cerca de 80% das ag\u00eancias do Brasil j\u00e1 disponibilizaram informa\u00e7\u00f5es para que os clientes evitem os bancos durante uma pandemia. A m\u00e9dia \u00e9 a mesma em rela\u00e7\u00e3o \u00e0 disponibiliza\u00e7\u00e3o do uso de m\u00e1scaras e \u00e0 marca\u00e7\u00e3o do piso para manter a dist\u00e2ncia entre as pessoas como prote\u00e7\u00e3o contra a Covid-19. J\u00e1 de \u00e1lcool gel o n\u00famero sobe para 95%.<\/p>\n<p>Em rela\u00e7\u00e3o \u00e0 movimenta\u00e7\u00e3o das ag\u00eancias durante a pandemia, 9,47% disse que est\u00e1 muito mais vazia, 29,68% afirmou que est\u00e1 mais vazia, 17,21% contou que o funcionamento est\u00e1 normal, 18,01% falou que est\u00e1 mais cheia e 25,64% disse que est\u00e1 muito mais cheia.<\/p>\n<p><strong>Fonte: Contraf-CUT<\/strong><\/p>\n","protected":false},"excerpt":{"rendered":"<p>A Confedera\u00e7\u00e3o Nacional dos Trabalhadores do Ramo Financeiro (Contraf-CUT) lan\u00e7a nesta segunda-feira (25) mais uma pesquisa online em seu site para saber as opini\u00f5es da categoria durante a pandemia do coronav\u00edrus (Covid-19). Clique\u00a0aqui e participe da pesquisa. A \u00faltima pesquisa, encerrada no in\u00edcio do m\u00eas, mostrou que cerca de 80% das ag\u00eancias do Brasil j\u00e1 [&hellip;]<\/p>\n","protected":false},"author":2,"featured_media":8949,"comment_status":"","ping_status":"","sticky":false,"template":"","format":"standard","meta":{"footnotes":""},"categories":[3],"tags":[],"class_list":["post-8950","post","type-post","status-publish","format-standard","has-post-thumbnail","hentry","category-noticias"],"_links":{"self":[{"href":"https:\/\/hostnetart.com.br\/baixada\/wp-json\/wp\/v2\/posts\/8950","targetHints":{"allow":["GET"]}}],"collection":[{"href":"https:\/\/hostnetart.com.br\/baixada\/wp-json\/wp\/v2\/posts"}],"about":[{"href":"https:\/\/hostnetart.com.br\/baixada\/wp-json\/wp\/v2\/types\/post"}],"author":[{"embeddable":true,"href":"https:\/\/hostnetart.com.br\/baixada\/wp-json\/wp\/v2\/users\/2"}],"replies":[{"embeddable":true,"href":"https:\/\/hostnetart.com.br\/baixada\/wp-json\/wp\/v2\/comments?post=8950"}],"version-history":[{"count":0,"href":"https:\/\/hostnetart.com.br\/baixada\/wp-json\/wp\/v2\/posts\/8950\/revisions"}],"wp:featuredmedia":[{"embeddable":true,"href":"https:\/\/hostnetart.com.br\/baixada\/wp-json\/wp\/v2\/media\/8949"}],"wp:attachment":[{"href":"https:\/\/hostnetart.com.br\/baixada\/wp-json\/wp\/v2\/media?parent=8950"}],"wp:term":[{"taxonomy":"category","embeddable":true,"href":"https:\/\/hostnetart.com.br\/baixada\/wp-json\/wp\/v2\/categories?post=8950"},{"taxonomy":"post_tag","embeddable":true,"href":"https:\/\/hostnetart.com.br\/baixada\/wp-json\/wp\/v2\/tags?post=8950"}],"curies":[{"name":"wp","href":"https:\/\/api.w.org\/{rel}","templated":true}]}}