{"id":8946,"date":"2020-05-25T13:54:40","date_gmt":"2020-05-25T16:54:40","guid":{"rendered":"https:\/\/hostnetart.com.br\/baixada\/contraf-cut-questiona-motivos-da-caixa-abrandar-protocolo-de-saude-e-seguranca-2\/"},"modified":"2020-05-25T13:54:40","modified_gmt":"2020-05-25T16:54:40","slug":"contraf-cut-questiona-motivos-da-caixa-abrandar-protocolo-de-saude-e-seguranca-2","status":"publish","type":"post","link":"https:\/\/hostnetart.com.br\/baixada\/contraf-cut-questiona-motivos-da-caixa-abrandar-protocolo-de-saude-e-seguranca-2\/","title":{"rendered":"Contraf-CUT questiona motivos da Caixa abrandar protocolo de sa\u00fade e seguran\u00e7a"},"content":{"rendered":"<p>A Confedera\u00e7\u00e3o Nacional dos Trabalhadores do Ramo Financeiro Contraf-CUT, assessorada pela Comiss\u00e3o Executiva dos Empregados (CEE), enviou um of\u00edcio ao presidente da Caixa, Pedro Guimar\u00e3es, questionando a raz\u00e3o pela qual a Caixa est\u00e1 abrandando o protocolo de atua\u00e7\u00e3o de gestores e empregados durante a pandemia do novo coronav\u00edrus (Covid-19). A mudan\u00e7a, que exp\u00f5e um retrocesso na preven\u00e7\u00e3o e promo\u00e7\u00e3o da sa\u00fade, foi informada aos empregados na segunda-feira (18) e causou medo entre os trabalhadores do banco.<\/p>\n<p>\u201cReduzir o protocolo de sa\u00fade e seguran\u00e7a num momento como o que vivemos \u00e9 uma completa loucura. As pessoas est\u00e3o se contaminando cada vez mais pelo Brasil, o n\u00famero de mortos, infelizmente, n\u00e3o para de crescer numa progress\u00e3o exponencial, inclusive entre nossos colegas, e a dire\u00e7\u00e3o do banco resolve diminuir a prote\u00e7\u00e3o dos seus empregados. \u00c9 uma triste mostra do que os trabalhadores representam para os seus gestores. N\u00e3o passam de m\u00e3o de obra. Para piorar, essa atitude foi tomada sem qualquer negocia\u00e7\u00e3o com as entidades representativas dos trabalhadores\u201d, criticou Dion\u00edsio Reis, coordenador da CEE\/ Caixa.<\/p>\n<p>\u201c\u00c9 ainda pior do que foi divulgado. Quem deveria estar discutindo os protocolos de seguran\u00e7a, que \u00e9 o pessoal da Gipes, foram enviados para as ag\u00eancias para atender o aux\u00edlio emergencial\u201d, revelou o coordenador da CEE\/Caixa.<\/p>\n<p>A Comiss\u00e3o cobra ainda uma an\u00e1lise sobre a quest\u00e3o do empregado autodeclarar-se ser do grupo de risco. A medida adotada pelo banco p\u00fablico induz o empregado e transfere a ele uma responsabilidade absurda. \u201cN\u00e3o \u00e9 poss\u00edvel a pessoa saber se \u00e9 de risco ou n\u00e3o. Ela pode ter adquirido algo sem saber. O grupo de risco tem sido atualizado frequentemente e n\u00e3o cabe ao empregado Caixa e sim a \u00e1rea da sa\u00fade e seguran\u00e7a do banco identificar esses riscos\u201d, afirmou o Dion\u00edsio Reis.<\/p>\n<p>A CEE\/Caixa reitera tamb\u00e9m o pedido de inclus\u00e3o no Sa\u00fade Caixa dos quase dois mil empregados que continuam sem plano de sa\u00fade. Ap\u00f3s in\u00fameros pedidos, a Caixa continua negligenciando os trabalhadores e deixando sem a cobertura de um plano de sa\u00fade, principalmente nesse per\u00edodo de pandemia.<\/p>\n<p>O documento solicita ainda os dados estat\u00edsticos da situa\u00e7\u00e3o dos empregados nas ag\u00eancias, como a rela\u00e7\u00e3o oficial de empregados que est\u00e3o contaminados, os recuperados e os mortos em decorr\u00eancia da Covid-19.<\/p>\n<p>Clique\u00a0<a href=\"https:\/\/contrafcut.com.br\/wp-content\/uploads\/2020\/05\/of-07420-cef-questionamentos-as-mudancas-no-protocolo-covid-19.doc?x15705\" target=\"_blank\" rel=\"noopener noreferrer\">aqui<\/a>\u00a0e leia a \u00edntegra do of\u00edcio.<\/p>\n<p><strong>Fonte: Contraf-CUT<\/strong><\/p>\n","protected":false},"excerpt":{"rendered":"<p>A Confedera\u00e7\u00e3o Nacional dos Trabalhadores do Ramo Financeiro Contraf-CUT, assessorada pela Comiss\u00e3o Executiva dos Empregados (CEE), enviou um of\u00edcio ao presidente da Caixa, Pedro Guimar\u00e3es, questionando a raz\u00e3o pela qual a Caixa est\u00e1 abrandando o protocolo de atua\u00e7\u00e3o de gestores e empregados durante a pandemia do novo coronav\u00edrus (Covid-19). A mudan\u00e7a, que exp\u00f5e um retrocesso [&hellip;]<\/p>\n","protected":false},"author":2,"featured_media":8945,"comment_status":"","ping_status":"","sticky":false,"template":"","format":"standard","meta":{"footnotes":""},"categories":[3],"tags":[],"class_list":["post-8946","post","type-post","status-publish","format-standard","has-post-thumbnail","hentry","category-noticias"],"_links":{"self":[{"href":"https:\/\/hostnetart.com.br\/baixada\/wp-json\/wp\/v2\/posts\/8946","targetHints":{"allow":["GET"]}}],"collection":[{"href":"https:\/\/hostnetart.com.br\/baixada\/wp-json\/wp\/v2\/posts"}],"about":[{"href":"https:\/\/hostnetart.com.br\/baixada\/wp-json\/wp\/v2\/types\/post"}],"author":[{"embeddable":true,"href":"https:\/\/hostnetart.com.br\/baixada\/wp-json\/wp\/v2\/users\/2"}],"replies":[{"embeddable":true,"href":"https:\/\/hostnetart.com.br\/baixada\/wp-json\/wp\/v2\/comments?post=8946"}],"version-history":[{"count":0,"href":"https:\/\/hostnetart.com.br\/baixada\/wp-json\/wp\/v2\/posts\/8946\/revisions"}],"wp:featuredmedia":[{"embeddable":true,"href":"https:\/\/hostnetart.com.br\/baixada\/wp-json\/wp\/v2\/media\/8945"}],"wp:attachment":[{"href":"https:\/\/hostnetart.com.br\/baixada\/wp-json\/wp\/v2\/media?parent=8946"}],"wp:term":[{"taxonomy":"category","embeddable":true,"href":"https:\/\/hostnetart.com.br\/baixada\/wp-json\/wp\/v2\/categories?post=8946"},{"taxonomy":"post_tag","embeddable":true,"href":"https:\/\/hostnetart.com.br\/baixada\/wp-json\/wp\/v2\/tags?post=8946"}],"curies":[{"name":"wp","href":"https:\/\/api.w.org\/{rel}","templated":true}]}}