{"id":8940,"date":"2020-05-22T19:54:20","date_gmt":"2020-05-22T22:54:20","guid":{"rendered":"https:\/\/hostnetart.com.br\/baixada\/cartilha-relata-gestao-pelo-medo-na-caixa\/"},"modified":"2020-05-22T19:54:20","modified_gmt":"2020-05-22T22:54:20","slug":"cartilha-relata-gestao-pelo-medo-na-caixa","status":"publish","type":"post","link":"https:\/\/hostnetart.com.br\/baixada\/cartilha-relata-gestao-pelo-medo-na-caixa\/","title":{"rendered":"Cartilha relata gest\u00e3o pelo medo na Caixa"},"content":{"rendered":"<p>A cartilha Gest\u00e3o pelo Medo na Caixa, divulgada pela Confedera\u00e7\u00e3o Nacional dos Trabalhadores do Ramo Financeiro (Contraf\/CUT) e pela Federa\u00e7\u00e3o Nacional das Associa\u00e7\u00f5es do Pessoal da Caixa Econ\u00f4mica Federal (Fenae), \u00e9 um alerta aos trabalhadores sobre o adoecimento f\u00edsico e mental da categoria e uma orienta\u00e7\u00f5es para denunciar pr\u00e1ticas como ass\u00e9dio moral e descomissionamento arbitr\u00e1rio.<\/p>\n<p>A publica\u00e7\u00e3o, elaborada com assessoria da Comiss\u00e3o Executiva dos Empregados da Caixa (CEE\/Caixa), traz relatos de empregados da Caixa que sofreram ass\u00e9dio moral e como isso afetou a sa\u00fade deles.<\/p>\n<p>\u201cEssas pr\u00e1ticas s\u00e3o muito graves, ainda mais num momento como o que vivemos, no qual todas as pessoas est\u00e3o com o seu estado emocional abalado. Mesmo assim, os empregados n\u00e3o abandonam a linha de frente em prol do atendimento da popula\u00e7\u00e3o. Entretanto, alguns gestores os pressionam a trabalhar de forma desumana e exp\u00f5em suas sa\u00fades aos mais diversos riscos\u201d, ressalta Dion\u00edsio Reis, coordenador da CEE\/Caixa.<\/p>\n<p>Nos relatos, trabalhadores do banco p\u00fablico contam a press\u00e3o pelo cumprimento de metas e amea\u00e7as de descomissionamento. \u201cFui diagnosticado com S\u00edndrome de Burnout (dist\u00farbio ligado ao trabalho) e fiquei dois meses internado em uma cl\u00ednica psiqui\u00e1trica\u201d, desabafa um empregado.<\/p>\n<p>A cartilha traz ainda dados de uma pesquisa sobre a sa\u00fade dos trabalhadores do banco, realizada em 2018 pela Fenae, que apontou o adoecimento da categoria: 60% est\u00e3o sobrecarregados, 33% j\u00e1 tiveram problema de sa\u00fade por causa do trabalho; 60,5% dos casos s\u00e3o doen\u00e7as psicol\u00f3gicas e causadas por estresse; 20% sofrem de depress\u00e3o ou ansiedade; 19,6% buscam acompanhamento psicol\u00f3gico ou psiqui\u00e1trico; 53,6% j\u00e1 sofreram ass\u00e9dio moral e apenas 3% dos casos de ass\u00e9dio moral foram registrados no RH da Caixa.<\/p>\n<p>\u201c\u00c9 fundamental que os empregados da Caixa denunciem o ass\u00e9dio e outras pr\u00e1ticas que atentam contra a sa\u00fade deles. As entidades sindicais e associativas t\u00eam denunciado e cobrado da dire\u00e7\u00e3o da Caixa solu\u00e7\u00f5es para o problema e condi\u00e7\u00f5es dignas de trabalho na empresa\u201d, enfatizou o presidente da Fenae e secret\u00e1rio de Finan\u00e7as da Contraf-CUT, Sergio Takemoto.<\/p>\n<p>A cartilha est\u00e1 dispon\u00edvel na \u00e1rea de\u00a0<a href=\"https:\/\/contrafcut.com.br\/publicacoes\/cartilha-gestao-pelo-medo-na-caixa\/\">Publica\u00e7\u00f5es do site<\/a>.<\/p>\n<p><strong>Fonte: Contraf-CUT<\/strong><\/p>\n","protected":false},"excerpt":{"rendered":"<p>A cartilha Gest\u00e3o pelo Medo na Caixa, divulgada pela Confedera\u00e7\u00e3o Nacional dos Trabalhadores do Ramo Financeiro (Contraf\/CUT) e pela Federa\u00e7\u00e3o Nacional das Associa\u00e7\u00f5es do Pessoal da Caixa Econ\u00f4mica Federal (Fenae), \u00e9 um alerta aos trabalhadores sobre o adoecimento f\u00edsico e mental da categoria e uma orienta\u00e7\u00f5es para denunciar pr\u00e1ticas como ass\u00e9dio moral e descomissionamento arbitr\u00e1rio. [&hellip;]<\/p>\n","protected":false},"author":2,"featured_media":8939,"comment_status":"","ping_status":"","sticky":false,"template":"","format":"standard","meta":{"footnotes":""},"categories":[3],"tags":[],"class_list":["post-8940","post","type-post","status-publish","format-standard","has-post-thumbnail","hentry","category-noticias"],"_links":{"self":[{"href":"https:\/\/hostnetart.com.br\/baixada\/wp-json\/wp\/v2\/posts\/8940","targetHints":{"allow":["GET"]}}],"collection":[{"href":"https:\/\/hostnetart.com.br\/baixada\/wp-json\/wp\/v2\/posts"}],"about":[{"href":"https:\/\/hostnetart.com.br\/baixada\/wp-json\/wp\/v2\/types\/post"}],"author":[{"embeddable":true,"href":"https:\/\/hostnetart.com.br\/baixada\/wp-json\/wp\/v2\/users\/2"}],"replies":[{"embeddable":true,"href":"https:\/\/hostnetart.com.br\/baixada\/wp-json\/wp\/v2\/comments?post=8940"}],"version-history":[{"count":0,"href":"https:\/\/hostnetart.com.br\/baixada\/wp-json\/wp\/v2\/posts\/8940\/revisions"}],"wp:featuredmedia":[{"embeddable":true,"href":"https:\/\/hostnetart.com.br\/baixada\/wp-json\/wp\/v2\/media\/8939"}],"wp:attachment":[{"href":"https:\/\/hostnetart.com.br\/baixada\/wp-json\/wp\/v2\/media?parent=8940"}],"wp:term":[{"taxonomy":"category","embeddable":true,"href":"https:\/\/hostnetart.com.br\/baixada\/wp-json\/wp\/v2\/categories?post=8940"},{"taxonomy":"post_tag","embeddable":true,"href":"https:\/\/hostnetart.com.br\/baixada\/wp-json\/wp\/v2\/tags?post=8940"}],"curies":[{"name":"wp","href":"https:\/\/api.w.org\/{rel}","templated":true}]}}