{"id":8936,"date":"2020-05-22T19:51:37","date_gmt":"2020-05-22T22:51:37","guid":{"rendered":"https:\/\/hostnetart.com.br\/baixada\/contraf-cut-orienta-empregados-da-caixa-a-nao-se-autodeclararem-fora-do-grupo-de-risco\/"},"modified":"2020-05-22T19:51:37","modified_gmt":"2020-05-22T22:51:37","slug":"contraf-cut-orienta-empregados-da-caixa-a-nao-se-autodeclararem-fora-do-grupo-de-risco","status":"publish","type":"post","link":"https:\/\/hostnetart.com.br\/baixada\/contraf-cut-orienta-empregados-da-caixa-a-nao-se-autodeclararem-fora-do-grupo-de-risco\/","title":{"rendered":"Contraf-CUT orienta empregados da Caixa a n\u00e3o se autodeclararem fora do grupo de risco"},"content":{"rendered":"<p>A Confedera\u00e7\u00e3o Nacional dos Trabalhadores do Ramo Financeiro, por interm\u00e9dio da Comiss\u00e3o Executiva dos Empregados (CEE), orienta os empregados da Caixa Econ\u00f4mica Federal a n\u00e3o assinalar a informa\u00e7\u00e3o de que \u201cN\u00c3O\u201d \u00e9 grupo de risco na autodeclara\u00e7\u00e3o de Sa\u00fade \u2013 Covid-19.\u00a0<a href=\"https:\/\/contrafcut.com.br\/noticias\/caixa-divulga-novos-protocolos-que-diminuem-a-seguranca-da-saude-dos-empregados\/\" target=\"_blank\" rel=\"noopener noreferrer\">No novo protocolo anunciado pela Caixa, na segunda-feira (18), foi inserida essa op\u00e7\u00e3o<\/a>.<\/p>\n<p>\u201c\u00c9 complicado induzir o empregado a preencher uma autodeclara\u00e7\u00e3o informando que n\u00e3o \u00e9 de risco, pois joga uma responsabilidade para o trabalhador absurda. Isso porque a pessoa pode ter adquirido\/desenvolvido algo e n\u00e3o saber. Assim, como ele vai afirmar que n\u00e3o tem problema?\u201d, refor\u00e7a Fabiana Uehara Proscholdt, secret\u00e1ria da Cultura representante da Contraf-CUT nas negocia\u00e7\u00f5es com o banco.<\/p>\n<p><strong>Fonte: Contraf-CUT<\/strong><\/p>\n","protected":false},"excerpt":{"rendered":"<p>A Confedera\u00e7\u00e3o Nacional dos Trabalhadores do Ramo Financeiro, por interm\u00e9dio da Comiss\u00e3o Executiva dos Empregados (CEE), orienta os empregados da Caixa Econ\u00f4mica Federal a n\u00e3o assinalar a informa\u00e7\u00e3o de que \u201cN\u00c3O\u201d \u00e9 grupo de risco na autodeclara\u00e7\u00e3o de Sa\u00fade \u2013 Covid-19.\u00a0No novo protocolo anunciado pela Caixa, na segunda-feira (18), foi inserida essa op\u00e7\u00e3o. \u201c\u00c9 complicado [&hellip;]<\/p>\n","protected":false},"author":2,"featured_media":8935,"comment_status":"","ping_status":"","sticky":false,"template":"","format":"standard","meta":{"footnotes":""},"categories":[3],"tags":[],"class_list":["post-8936","post","type-post","status-publish","format-standard","has-post-thumbnail","hentry","category-noticias"],"_links":{"self":[{"href":"https:\/\/hostnetart.com.br\/baixada\/wp-json\/wp\/v2\/posts\/8936","targetHints":{"allow":["GET"]}}],"collection":[{"href":"https:\/\/hostnetart.com.br\/baixada\/wp-json\/wp\/v2\/posts"}],"about":[{"href":"https:\/\/hostnetart.com.br\/baixada\/wp-json\/wp\/v2\/types\/post"}],"author":[{"embeddable":true,"href":"https:\/\/hostnetart.com.br\/baixada\/wp-json\/wp\/v2\/users\/2"}],"replies":[{"embeddable":true,"href":"https:\/\/hostnetart.com.br\/baixada\/wp-json\/wp\/v2\/comments?post=8936"}],"version-history":[{"count":0,"href":"https:\/\/hostnetart.com.br\/baixada\/wp-json\/wp\/v2\/posts\/8936\/revisions"}],"wp:featuredmedia":[{"embeddable":true,"href":"https:\/\/hostnetart.com.br\/baixada\/wp-json\/wp\/v2\/media\/8935"}],"wp:attachment":[{"href":"https:\/\/hostnetart.com.br\/baixada\/wp-json\/wp\/v2\/media?parent=8936"}],"wp:term":[{"taxonomy":"category","embeddable":true,"href":"https:\/\/hostnetart.com.br\/baixada\/wp-json\/wp\/v2\/categories?post=8936"},{"taxonomy":"post_tag","embeddable":true,"href":"https:\/\/hostnetart.com.br\/baixada\/wp-json\/wp\/v2\/tags?post=8936"}],"curies":[{"name":"wp","href":"https:\/\/api.w.org\/{rel}","templated":true}]}}