{"id":8932,"date":"2020-05-21T14:42:58","date_gmt":"2020-05-21T17:42:58","guid":{"rendered":"https:\/\/hostnetart.com.br\/baixada\/covid-19-tem-5-milhoes-de-casos-e-pnud-preve-queda-inedita-no-idh-do-planeta\/"},"modified":"2020-05-21T14:42:58","modified_gmt":"2020-05-21T17:42:58","slug":"covid-19-tem-5-milhoes-de-casos-e-pnud-preve-queda-inedita-no-idh-do-planeta","status":"publish","type":"post","link":"https:\/\/hostnetart.com.br\/baixada\/covid-19-tem-5-milhoes-de-casos-e-pnud-preve-queda-inedita-no-idh-do-planeta\/","title":{"rendered":"Covid-19 tem 5 milh\u00f5es de casos, e Pnud prev\u00ea queda in\u00e9dita no IDH do planeta"},"content":{"rendered":"<p>O mundo j\u00e1 tem 5 milh\u00f5es de casos confirmados de pessoas infectadas novo coronav\u00edrus. De acordo com monitoramento feito pela Universidade Johns Hopkins, institui\u00e7\u00e3o privada norte-americana, o cont\u00e1gio de covid-19 na Am\u00e9rica Latina j\u00e1 \u00e9 maior do que nos Estados Unidos e Europa. Em fun\u00e7\u00e3o da pandemia, o Programa das Na\u00e7\u00f5es Unidas para o Desenvolvimento (<a href=\"https:\/\/www.br.undp.org\/content\/brazil\/pt\/home\/presscenter\/articles\/2020\/covid-19--desenvolvimento-humano-deve-retroceder-pela-primeira-v.html\" target=\"_blank\" rel=\"noopener noreferrer\">Pnud<\/a>) j\u00e1 prev\u00ea um retrocesso sem precedentes no \u00cdndice de Desenvolvimento Humano (IDH) do planeta.<\/p>\n<p>O total de mortos j\u00e1 estaria em 328.172, correspondendo a uma taxa m\u00e9dia de letalidade de 6,5%. O n\u00famero de pessoas que se recuperaram da doen\u00e7a \u00e9 de 1,8 milh\u00e3o. Os dados divulgados pela universidade s\u00e3o baseados em informa\u00e7\u00f5es colhidas nos \u00f3rg\u00e3os oficiais dos pa\u00edses.<\/p>\n<p>O <a href=\"https:\/\/www.redebrasilatual.com.br\/saude-e-ciencia\/2020\/05\/brasil-tem-quase-20-mil-casos-de-covid-19-em-um-dia-e-supera-a-espanha\/\" target=\"_blank\" rel=\"noopener noreferrer\">Brasil deve se aproximar hoje dos 300 mil casos<\/a> de cont\u00e1gio pelo novo coronav\u00edrus, ficando atr\u00e1s apenas de Estados Unidos (1,6 milh\u00e3o) e R\u00fassia (309 mil). Pr\u00f3ximo dos 20 mil \u00f3bitos, atr\u00e1s de Estados Unidos, Reino Unido, It\u00e1lia, Fran\u00e7a e Espanha \u2013 os tr\u00eas \u00faltimos j\u00e1 com conten\u00e7\u00e3o da curva de mortes di\u00e1rias.<\/p>\n<p>Enquanto na maioria dos estados as autoridades ainda encontram dificuldades para impor um isolamento social monitorado \u2013 \u00fanico meio eficaz de conter a expans\u00e3o do cont\u00e1gio \u2013, o governo federal segue na contram\u00e3o. Aposta no cont\u00e1gio como forma de criar \u201cprote\u00e7\u00e3o\u201d, adota medidas t\u00edmidas para assegurar recursos e renda e insiste no uso de cloroquina com meio de tratamento. Mesmo com todos os alertadas cient\u00edficos de que o medicamento n\u00e3o tem efic\u00e1cia comprovada e ainda pode ter efeitos colaterais danosos.<\/p>\n<figure class=\"wp-block-image size-large\"><img decoding=\"async\" class=\"wp-image-420854\" src=\"https:\/\/www.redebrasilatual.com.br\/wp-content\/uploads\/2020\/05\/grafico-pnud-1024x457.jpg\" sizes=\"(max-width: 1024px) 100vw, 1024px\" srcset=\"https:\/\/www.redebrasilatual.com.br\/wp-content\/uploads\/2020\/05\/grafico-pnud-1024x457.jpg 1024w, https:\/\/www.redebrasilatual.com.br\/wp-content\/uploads\/2020\/05\/grafico-pnud-360x161.jpg 360w, https:\/\/www.redebrasilatual.com.br\/wp-content\/uploads\/2020\/05\/grafico-pnud-768x343.jpg 768w, https:\/\/www.redebrasilatual.com.br\/wp-content\/uploads\/2020\/05\/grafico-pnud.jpg 1200w\" alt=\"\" \/><\/figure>\n<h2>Degrada\u00e7\u00e3o<\/h2>\n<p>O Pnud divulgou ontem (20) proje\u00e7\u00e3o de que a pandemia do novo coronav\u00edrus \u2013 depois de atingir os 5 milh\u00f5es de casos confirmados \u2013 causar\u00e1 um retrocesso global nos n\u00edveis de sa\u00fade, educa\u00e7\u00e3o e condi\u00e7\u00f5es de vida. O recuo universal do IDH em decorr\u00eancia da covid-19 seria <a href=\"https:\/\/www.br.undp.org\/content\/brazil\/pt\/home\/presscenter\/articles\/2020\/covid-19--desenvolvimento-humano-deve-retroceder-pela-primeira-v.html\" target=\"_blank\" rel=\"noopener noreferrer\">o primeiro em 30 anos<\/a>, desde que o indicador foi criado, em 1990.<\/p>\n<p>\u201cO mundo passou por muitas crises nos \u00faltimos 30 anos, incluindo a crise financeira global de 2007 a 2009. Cada uma delas afetou fortemente o desenvolvimento humano, mas, em geral, os ganhos de desenvolvimento foram acumulados globalmente ano a ano. A covid-19, com seu triplo impacto em sa\u00fade, educa\u00e7\u00e3o e renda, pode mudar essa tend\u00eancia\u201d, declarou o administrador do Pnud, Achim Steiner, ao comentar as conclus\u00f5es do estudo.\u00a0De acordo com a an\u00e1lise, a renda <em>per capita<\/em> global deve cair 4% em 2020, com eleva\u00e7\u00e3o dos \u00edndices de desemprego e endividamento dos governos.\u00a0<\/p>\n<p>Na sa\u00fade, o colapso dos sistemas de atendimento em todo o planeta deve ir al\u00e9m de n\u00e3o conseguir dar conta dos infectados pela covid-19. Isso porque pode inviabilizar o tamb\u00e9m atendimento de outras doen\u00e7as. E assim eleva os riscos de mortes para outros segmentos da sociedade, mesmo que exclu\u00eddo dos grupos de risco do novo coronav\u00edrus.<\/p>\n<p>Em relat\u00f3rio divulgado na \u00faltima semana, o Fundo das Na\u00e7\u00f5es Unidas para a Inf\u00e2ncia (Unicef) estimou que 6 mil crian\u00e7as podem morrer diariamente de causas evit\u00e1veis, nos pr\u00f3ximos seis meses, em raz\u00e3o do enfraquecimento dos sistemas de sa\u00fade pelo mundo causado pelo coronav\u00edrus. Segundo o Pnud, a deteriora\u00e7\u00e3o do IDH ser\u00e1 maior nos pa\u00edses pobres e em desenvolvimento.<\/p>\n<p><strong>Fonte: Rede Brasil Atual<\/strong><\/p>\n","protected":false},"excerpt":{"rendered":"<p>O mundo j\u00e1 tem 5 milh\u00f5es de casos confirmados de pessoas infectadas novo coronav\u00edrus. De acordo com monitoramento feito pela Universidade Johns Hopkins, institui\u00e7\u00e3o privada norte-americana, o cont\u00e1gio de covid-19 na Am\u00e9rica Latina j\u00e1 \u00e9 maior do que nos Estados Unidos e Europa. Em fun\u00e7\u00e3o da pandemia, o Programa das Na\u00e7\u00f5es Unidas para o Desenvolvimento [&hellip;]<\/p>\n","protected":false},"author":2,"featured_media":8931,"comment_status":"","ping_status":"","sticky":false,"template":"","format":"standard","meta":{"footnotes":""},"categories":[3],"tags":[],"class_list":["post-8932","post","type-post","status-publish","format-standard","has-post-thumbnail","hentry","category-noticias"],"_links":{"self":[{"href":"https:\/\/hostnetart.com.br\/baixada\/wp-json\/wp\/v2\/posts\/8932","targetHints":{"allow":["GET"]}}],"collection":[{"href":"https:\/\/hostnetart.com.br\/baixada\/wp-json\/wp\/v2\/posts"}],"about":[{"href":"https:\/\/hostnetart.com.br\/baixada\/wp-json\/wp\/v2\/types\/post"}],"author":[{"embeddable":true,"href":"https:\/\/hostnetart.com.br\/baixada\/wp-json\/wp\/v2\/users\/2"}],"replies":[{"embeddable":true,"href":"https:\/\/hostnetart.com.br\/baixada\/wp-json\/wp\/v2\/comments?post=8932"}],"version-history":[{"count":0,"href":"https:\/\/hostnetart.com.br\/baixada\/wp-json\/wp\/v2\/posts\/8932\/revisions"}],"wp:featuredmedia":[{"embeddable":true,"href":"https:\/\/hostnetart.com.br\/baixada\/wp-json\/wp\/v2\/media\/8931"}],"wp:attachment":[{"href":"https:\/\/hostnetart.com.br\/baixada\/wp-json\/wp\/v2\/media?parent=8932"}],"wp:term":[{"taxonomy":"category","embeddable":true,"href":"https:\/\/hostnetart.com.br\/baixada\/wp-json\/wp\/v2\/categories?post=8932"},{"taxonomy":"post_tag","embeddable":true,"href":"https:\/\/hostnetart.com.br\/baixada\/wp-json\/wp\/v2\/tags?post=8932"}],"curies":[{"name":"wp","href":"https:\/\/api.w.org\/{rel}","templated":true}]}}