{"id":8928,"date":"2020-05-21T14:39:41","date_gmt":"2020-05-21T17:39:41","guid":{"rendered":"https:\/\/hostnetart.com.br\/baixada\/dieese-congresso-deve-incluir-na-mp-936-melhora-salarial-e-participacao-de-sindicatos\/"},"modified":"2020-05-21T14:39:41","modified_gmt":"2020-05-21T17:39:41","slug":"dieese-congresso-deve-incluir-na-mp-936-melhora-salarial-e-participacao-de-sindicatos","status":"publish","type":"post","link":"https:\/\/hostnetart.com.br\/baixada\/dieese-congresso-deve-incluir-na-mp-936-melhora-salarial-e-participacao-de-sindicatos\/","title":{"rendered":"Dieese: Congresso deve incluir na MP 936 melhora salarial e participa\u00e7\u00e3o de sindicatos"},"content":{"rendered":"<p>A Medida Provis\u00f3ria (MP) 936, que institui o <a href=\"https:\/\/www.redebrasilatual.com.br\/economia\/2020\/04\/mp-936-pode-derrubar-massa-salarial-do-setor-privado-pode-em-ate-277\/\" target=\"_blank\" rel=\"noopener noreferrer\">Programa Emergencial de Manuten\u00e7\u00e3o do Emprego e da Renda<\/a>, deve ser apreciada pelo Congresso Nacional na pr\u00f3xima semana. O Dieese defende que os parlamentares aprimorem a proposta, ampliando a recomposi\u00e7\u00e3o dos sal\u00e1rios, hoje limitada ao teto do seguro-desemprego, que \u00e9 de R$ 1.813,03.<\/p>\n<p>O deputado Orlando Silva (PCdoB-SP), relator da proposta na C\u00e2mara, defende a <a href=\"https:\/\/www.redebrasilatual.com.br\/trabalho\/2020\/05\/relator-quer-medidas-para-reduzir-perda-salarial-e-incluir-sindicatos-na-mp-936\/\" target=\"_blank\" rel=\"noopener noreferrer\">amplia\u00e7\u00e3o da recomposi\u00e7\u00e3o<\/a> para at\u00e9 tr\u00eas sal\u00e1rios m\u00ednimos, para trabalhadores que tenham os contratos de trabalho suspensos. O limite tamb\u00e9m incide na recomposi\u00e7\u00e3o proporcional para aqueles que sofreram redu\u00e7\u00e3o das jornadas.<\/p>\n<p>\u201c\u00c9 uma queda de bra\u00e7os com o minist\u00e9rio da Economia, que v\u00ea qualquer iniciativa do tipo como aumento de gastos. A cabe\u00e7a fiscalista do Paulo Guedes n\u00e3o mudou muito. Ele Acredita que \u00e9 melhor dar dinheiro para os bancos do que colocar nas m\u00e3os da popula\u00e7\u00e3o\u201d, avalia o diretor t\u00e9cnico do Dieese, Fausto Augusto Junior, em coment\u00e1rio na <strong><a href=\"https:\/\/www.radiobrasilatual.com.br\/\" target=\"_blank\" rel=\"noopener noreferrer\">R\u00e1dio Brasil Atual<\/a><\/strong> nesta quinta-feira (21).<\/p>\n<p>Outra altera\u00e7\u00e3o defendida pelo Dieese \u00e9 a inclus\u00e3o dos sindicatos nas negocia\u00e7\u00f5es para trabalhadores que ganham at\u00e9 tr\u00eas sal\u00e1rios m\u00ednimos. Para essa faixa salarial, a MP permite \u201cnegocia\u00e7\u00e3o individual\u201d entre patr\u00f5es e empregados.<\/p>\n<h2>Impactos econ\u00f4micos<\/h2>\n<p>\u201cOs <a href=\"https:\/\/www.redebrasilatual.com.br\/trabalho\/2020\/04\/em-nova-mp-governo-vai-autorizar-corte-de-salario-e-de-jornada-em-ate-100\/\" target=\"_blank\" rel=\"noopener noreferrer\">acordos individuais<\/a> t\u00eam garantido basicamente os dispositivos da medida provis\u00f3ria, com capacidade de fiscaliza\u00e7\u00e3o e controle muito limitadas. No caso da participa\u00e7\u00e3o dos sindicatos, uma das coisas que t\u00eam sido alcan\u00e7adas \u00e9 o aumento dessa taxa de reposi\u00e7\u00e3o\u201d, disse Fausto.<\/p>\n<p>Ele defende tamb\u00e9m que os parlamentares aprovem a amplia\u00e7\u00e3o da dura\u00e7\u00e3o do programa. A medida, editada em 1\u00ba de abril, tem validade de 90 dias. Mas, segundo Fausto, os impactos econ\u00f4micos da pandemia devem se fazer sentir para al\u00e9m desse per\u00edodo. Sem essa extens\u00e3o, haver\u00e1, j\u00e1 no pr\u00f3ximo m\u00eas, uma explos\u00e3o nas demiss\u00f5es.<\/p>\n<p>Para o diretor do Dieese, a redu\u00e7\u00e3o nas perdas salariais e a amplia\u00e7\u00e3o do programa s\u00e3o medidas importantes, n\u00e3o apenas para garantir a renda do trabalhador, mas para evitar alta no desemprego e o agravamento da situa\u00e7\u00e3o econ\u00f4mica do pa\u00eds.<\/p>\n<p><strong>Fonte: Rede Brasil Atual<\/strong><\/p>\n","protected":false},"excerpt":{"rendered":"<p>A Medida Provis\u00f3ria (MP) 936, que institui o Programa Emergencial de Manuten\u00e7\u00e3o do Emprego e da Renda, deve ser apreciada pelo Congresso Nacional na pr\u00f3xima semana. O Dieese defende que os parlamentares aprimorem a proposta, ampliando a recomposi\u00e7\u00e3o dos sal\u00e1rios, hoje limitada ao teto do seguro-desemprego, que \u00e9 de R$ 1.813,03. O deputado Orlando Silva [&hellip;]<\/p>\n","protected":false},"author":2,"featured_media":8927,"comment_status":"","ping_status":"","sticky":false,"template":"","format":"standard","meta":{"footnotes":""},"categories":[3],"tags":[],"class_list":["post-8928","post","type-post","status-publish","format-standard","has-post-thumbnail","hentry","category-noticias"],"_links":{"self":[{"href":"https:\/\/hostnetart.com.br\/baixada\/wp-json\/wp\/v2\/posts\/8928","targetHints":{"allow":["GET"]}}],"collection":[{"href":"https:\/\/hostnetart.com.br\/baixada\/wp-json\/wp\/v2\/posts"}],"about":[{"href":"https:\/\/hostnetart.com.br\/baixada\/wp-json\/wp\/v2\/types\/post"}],"author":[{"embeddable":true,"href":"https:\/\/hostnetart.com.br\/baixada\/wp-json\/wp\/v2\/users\/2"}],"replies":[{"embeddable":true,"href":"https:\/\/hostnetart.com.br\/baixada\/wp-json\/wp\/v2\/comments?post=8928"}],"version-history":[{"count":0,"href":"https:\/\/hostnetart.com.br\/baixada\/wp-json\/wp\/v2\/posts\/8928\/revisions"}],"wp:featuredmedia":[{"embeddable":true,"href":"https:\/\/hostnetart.com.br\/baixada\/wp-json\/wp\/v2\/media\/8927"}],"wp:attachment":[{"href":"https:\/\/hostnetart.com.br\/baixada\/wp-json\/wp\/v2\/media?parent=8928"}],"wp:term":[{"taxonomy":"category","embeddable":true,"href":"https:\/\/hostnetart.com.br\/baixada\/wp-json\/wp\/v2\/categories?post=8928"},{"taxonomy":"post_tag","embeddable":true,"href":"https:\/\/hostnetart.com.br\/baixada\/wp-json\/wp\/v2\/tags?post=8928"}],"curies":[{"name":"wp","href":"https:\/\/api.w.org\/{rel}","templated":true}]}}