{"id":8920,"date":"2020-05-20T22:06:29","date_gmt":"2020-05-21T01:06:29","guid":{"rendered":"https:\/\/hostnetart.com.br\/baixada\/intransigencia-do-banco-do-brasil-coloca-bancarios-em-risco\/"},"modified":"2020-05-20T22:06:29","modified_gmt":"2020-05-21T01:06:29","slug":"intransigencia-do-banco-do-brasil-coloca-bancarios-em-risco","status":"publish","type":"post","link":"https:\/\/hostnetart.com.br\/baixada\/intransigencia-do-banco-do-brasil-coloca-bancarios-em-risco\/","title":{"rendered":"Intransig\u00eancia do Banco do Brasil coloca banc\u00e1rios em risco"},"content":{"rendered":"<div class=\"elementor-element elementor-element-194680ec elementor-widget elementor-widget-theme-post-content\" data-id=\"194680ec\" data-element_type=\"widget\" data-widget_type=\"theme-post-content.default\">\n<div class=\"elementor-widget-container\">\n<p>O Banco do Brasil <a href=\"https:\/\/spbancarios.com.br\/05\/2020\/coronavirus-bancos-nao-vao-acatar-feriados-antecipados-em-sp\" target=\"_blank\" rel=\"noopener noreferrer\">adotou a pol\u00edtica da Fenaban<\/a> de n\u00e3o dar folga para os banc\u00e1rios da rede de ag\u00eancias no \u201cferiad\u00e3o de seis dias\u201d \u2013 medida decretada pela prefeitura e pelo governo do estado de S\u00e3o Paulo a fim de tentar barrar a curva de contamina\u00e7\u00f5es e mortes por coronav\u00edrus. Com esta decis\u00e3o, o banco est\u00e1 colocando em risco a sa\u00fade e a vida dos seus trabalhadores em detrimento do lucro.<\/p>\n<p>Diante da decis\u00e3o, o Sindicato dos Banc\u00e1rios de S\u00e3o Paulo, Osasco e Regi\u00e3o solicitou, em reuni\u00e3o com o Comit\u00ea de Gest\u00e3o de Crise do Banco do Brasil em S\u00e3o Paulo, ao menos uma solu\u00e7\u00e3o paliativa por meio da ado\u00e7\u00e3o de um rod\u00edzio nas ag\u00eancias, com as equipes divididas e trabalhando em dias alternados.<\/p>\n<figure class=\"wp-block-embed-youtube wp-block-embed is-type-video is-provider-youtube wp-embed-aspect-16-9 wp-has-aspect-ratio\">\n<div class=\"wp-block-embed__wrapper\">\u00a0<\/div>\n<\/figure>\n<p>Mas o banco n\u00e3o se manifestou e ir\u00e1 se limitar a pagar uma folga para quem trabalhar seis horas. O Acordo Coletivo de Trabalho dos funcion\u00e1rios do Banco do Brasil garante dois abonos para quem trabalhar acima de seis horas. Contudo, a orienta\u00e7\u00e3o do banco \u00e9 trabalhar seis horas.<\/p>\n<p>\u201cN\u00f3s n\u00e3o concordamos com isso. Os banc\u00e1rios que est\u00e3o trabalhando diretamente na linha de frente s\u00e3o verdadeiros her\u00f3is e est\u00e3o estressados e sobrecarregados diante de toda a situa\u00e7\u00e3o que envolve a pandemia, sem contar os riscos de se contaminarem e contagiarem suas fam\u00edlias\u201d, afirmou o coordenador da Comiss\u00e3o de Empresa dos Funcion\u00e1rios do Banco do Brasil (CEBB), Jo\u00e3o Fukunaga, que \u00e9 secretario de Assuntos Jur\u00eddicos do Seeb\/SP.<\/p>\n<p>\u201cMais uma vez o banco \u00e9 intransigente e n\u00e3o valoriza seus funcion\u00e1rios. A diretoria de pessoas divulgou um comunicado muito vago para os administradores, no qual n\u00e3o assume uma postura de lideran\u00e7a em rela\u00e7\u00e3o ao funcionalismo, deixando a cargo dos administradores qualquer crit\u00e9rio a ser adotado. Infelizmente essa \u00e9 a atitude que a dire\u00e7\u00e3o do Banco do Brasil e o governo Bolsonaro est\u00e3o adotando frente a esta pandemia\u201d, acrescentou o dirigente.<\/p>\n<p>\u00c0 intransig\u00eancia e ao desrespeito do Banco do Brasil com os seus funcion\u00e1rios, soma-se a a\u00e7\u00e3o desastrosa da prefeitura e do governo estadual em decretar um feriado de seis dias, sem obrigar os bancos a aderir \u00e0 medida.<\/p>\n<p>\u201cSabemos que as pessoas devem se manter em casa durante este \u2018feriado\u2019, mas tamb\u00e9m temos de ser realistas e considerarmos que muitos n\u00e3o ir\u00e3o respeitar esta orienta\u00e7\u00e3o, como de fato n\u00e3o est\u00e3o respeitando o isolamento social. Os parques, shoppings, restaurantes e com\u00e9rcios est\u00e3o fechados, assim como muitas praias. Mas os bancos permanecer\u00e3o abertos, e muitos decidir\u00e3o resolver assuntos banc\u00e1rios nestes dias, aumentando as aglomera\u00e7\u00f5es e os riscos de cont\u00e1gio nas ag\u00eancias\u201d, pontuou o dirigente sindical da Fetec-CUT\/SP e membro da CEBB, Getulio Maciel.<\/p>\n<p>\u201cOu seja, quem acaba sofrendo com a falta de pulso do governo nas tr\u00eas esferas \u00e9 o banc\u00e1rio da rede de ag\u00eancias. Os governos federal, estadual e municipal deveriam ter mais considera\u00e7\u00e3o com os banc\u00e1rios e obrigarem os bancos a fecharem neste momento t\u00e3o dif\u00edcil em que, invariavelmente, os trabalhadores de bancos ir\u00e3o correr mais riscos de se contaminarem com o coronav\u00edrus\u201d, concluiu Get\u00falio.<\/p>\n<p><strong>Fonte:<\/strong> <strong>Seeb\/SP<\/strong><\/p>\n<\/div>\n<\/div>\n","protected":false},"excerpt":{"rendered":"<p>O Banco do Brasil adotou a pol\u00edtica da Fenaban de n\u00e3o dar folga para os banc\u00e1rios da rede de ag\u00eancias no \u201cferiad\u00e3o de seis dias\u201d \u2013 medida decretada pela prefeitura e pelo governo do estado de S\u00e3o Paulo a fim de tentar barrar a curva de contamina\u00e7\u00f5es e mortes por coronav\u00edrus. Com esta decis\u00e3o, o [&hellip;]<\/p>\n","protected":false},"author":2,"featured_media":8919,"comment_status":"","ping_status":"","sticky":false,"template":"","format":"standard","meta":{"footnotes":""},"categories":[3],"tags":[],"class_list":["post-8920","post","type-post","status-publish","format-standard","has-post-thumbnail","hentry","category-noticias"],"_links":{"self":[{"href":"https:\/\/hostnetart.com.br\/baixada\/wp-json\/wp\/v2\/posts\/8920","targetHints":{"allow":["GET"]}}],"collection":[{"href":"https:\/\/hostnetart.com.br\/baixada\/wp-json\/wp\/v2\/posts"}],"about":[{"href":"https:\/\/hostnetart.com.br\/baixada\/wp-json\/wp\/v2\/types\/post"}],"author":[{"embeddable":true,"href":"https:\/\/hostnetart.com.br\/baixada\/wp-json\/wp\/v2\/users\/2"}],"replies":[{"embeddable":true,"href":"https:\/\/hostnetart.com.br\/baixada\/wp-json\/wp\/v2\/comments?post=8920"}],"version-history":[{"count":0,"href":"https:\/\/hostnetart.com.br\/baixada\/wp-json\/wp\/v2\/posts\/8920\/revisions"}],"wp:featuredmedia":[{"embeddable":true,"href":"https:\/\/hostnetart.com.br\/baixada\/wp-json\/wp\/v2\/media\/8919"}],"wp:attachment":[{"href":"https:\/\/hostnetart.com.br\/baixada\/wp-json\/wp\/v2\/media?parent=8920"}],"wp:term":[{"taxonomy":"category","embeddable":true,"href":"https:\/\/hostnetart.com.br\/baixada\/wp-json\/wp\/v2\/categories?post=8920"},{"taxonomy":"post_tag","embeddable":true,"href":"https:\/\/hostnetart.com.br\/baixada\/wp-json\/wp\/v2\/tags?post=8920"}],"curies":[{"name":"wp","href":"https:\/\/api.w.org\/{rel}","templated":true}]}}