{"id":892,"date":"2014-03-24T00:00:00","date_gmt":"2014-03-24T03:00:00","guid":{"rendered":"https:\/\/hostnetart.com.br\/baixada\/uni-sindicato-global-assina-com-o-itau-o-primeiro-acordo-marco-global\/"},"modified":"2014-03-24T00:00:00","modified_gmt":"2014-03-24T03:00:00","slug":"uni-sindicato-global-assina-com-o-itau-o-primeiro-acordo-marco-global","status":"publish","type":"post","link":"https:\/\/hostnetart.com.br\/baixada\/uni-sindicato-global-assina-com-o-itau-o-primeiro-acordo-marco-global\/","title":{"rendered":"UNI Sindicato Global assina com o Ita\u00fa o primeiro Acordo Marco Global"},"content":{"rendered":"<p>Em solenidade ocorrida na manh\u00e3 desta sexta-feira (21), a UNI Sindicato Global assinou o Acordo Marco Global com o Ita\u00fa, na sede do banco, em S\u00e3o Paulo. O documento foi subscrito pelo secret\u00e1rio-geral da UNI, Philip Jennings, que saiu de Nyon, na Su\u00ed\u00e7a, e veio ao Brasil para firmar o primeiro acordo marco com um banco privado brasileiro. O Banco do Brasil foi o primeiro banco p\u00fablico do pa\u00eds a assinar esse instrumento.<\/p>\n<p>Tamb\u00e9m estiveram presentes o chefe mundial da UNI Finan\u00e7as, M\u00e1rcio Monzane, a secret\u00e1ria regional da UNI Am\u00e9ricas, Adriana Rosenzvaig, o presidente da Contraf-CUT e da UNI Am\u00e9ricas, Carlos Cordeiro, e o diretor regional da UNI Am\u00e9ricas Finan\u00e7as, Andr\u00e9 Rodrigues.<\/p>\n<p>Participaram ainda a secret\u00e1ria-geral da Contraf-CUT, Ivone Silva, o secret\u00e1rio de Rela\u00e7\u00f5es Internacionais da Contraf-CUT, M\u00e1rio Raia, al\u00e9m de outros dirigentes sindicais do Brasil, Argentina, Uruguai, Paraguai e Chile.<\/p>\n<p>Pelo Ita\u00fa, compareceram o diretor Marcelo Orticelli, a diretora Renata Tubini e o superintendente de rela\u00e7\u00f5es de trabalho Marco Aur\u00e9lio Oliveira.<\/p>\n<p><strong>Acordo na democracia<\/strong><\/p>\n<p>O presidente da Contraf-CUT agradeceu o esfor\u00e7o dos dirigentes da UNI e das entidades sindicais de v\u00e1rios pa\u00edses da Am\u00e9rica Latina, bem como dos representantes do banco. \u201c\u00c9 um momento importante na hist\u00f3ria do Brasil, quando o pa\u00eds lembra 50 anos do golpe de 1964, que causou tamb\u00e9m impactos nos demais pa\u00edses das Am\u00e9ricas, que igualmente sofreram com as ditaduras\u201d, afirmou.<\/p>\n<p>\u201cPor isso, assinar este acordo na democracia tem um sabor especial\u201d, disse Cordeiro arrancando aplausos dos presentes, sobretudo dos dirigentes sindicais da Argentina, Uruguai, Chile e Paraguai, cujos regimes militares tamb\u00e9m deixaram rastros de mortes, torturas e desaparecimentos.<\/p>\n<p>O acordo marco garante direitos fundamentais para os banc\u00e1rios do Ita\u00fa em todos os pa\u00edses onde o banco atua, como o direito \u00e0 organiza\u00e7\u00e3o sindical, o direito de sindicaliza\u00e7\u00e3o, o direito \u00e0 negocia\u00e7\u00e3o coletiva e o direito \u00e0 contrata\u00e7\u00e3o.<\/p>\n<p>\u201cAssinamos hoje o primeiro acordo com o Ita\u00fa, fruto das reuni\u00f5es das redes sindicais dos bancos internacionais, que agora tamb\u00e9m negociam com as institui\u00e7\u00f5es financeiras, buscando firmar instrumentos para melhorar as condi\u00e7\u00f5es de trabalho dos banc\u00e1rios no continente\u201d, destacou Cordeiro.<\/p>\n<p>Para ele, \u201co acordo \u00e9 muito importante para o trabalhador e ajudar\u00e1 a resolver problemas, como os que tivemos no Paraguai\u201d. O presidente da Contraf-CUT disse ainda que \u201c\u00e9 um bom sinal para o sistema financeiro como um todo, refor\u00e7ando a import\u00e2ncia do di\u00e1logo e da negocia\u00e7\u00e3o entre empresas e trabalhadores\u201d.<\/p>\n<p>O secret\u00e1rio de rela\u00e7\u00f5es internacionais da Contraf-CUT tamb\u00e9m comemora a assinatura do acordo marco com o Ita\u00fa. \u201c\u00c9 o segundo acordo firmado com bancos brasileiros, refletindo a inser\u00e7\u00e3o do Brasil na economia global com valoriza\u00e7\u00e3o do trabalho e do di\u00e1logo com o movimento sindical\u201d, salientou M\u00e1rio Raia.<\/p>\n<p>Fonte: Contraf-CUT<\/p>\n","protected":false},"excerpt":{"rendered":"<p>Em solenidade ocorrida na manh\u00e3 desta sexta-feira (21), a UNI Sindicato Global assinou o Acordo Marco Global com o Ita\u00fa, na sede do banco, em S\u00e3o Paulo. O documento foi subscrito pelo secret\u00e1rio-geral da UNI, Philip Jennings, que saiu de Nyon, na Su\u00ed\u00e7a, e veio ao Brasil para firmar o primeiro acordo marco com um [&hellip;]<\/p>\n","protected":false},"author":1,"featured_media":0,"comment_status":"","ping_status":"","sticky":false,"template":"","format":"standard","meta":{"footnotes":""},"categories":[3],"tags":[],"class_list":["post-892","post","type-post","status-publish","format-standard","hentry","category-noticias"],"_links":{"self":[{"href":"https:\/\/hostnetart.com.br\/baixada\/wp-json\/wp\/v2\/posts\/892","targetHints":{"allow":["GET"]}}],"collection":[{"href":"https:\/\/hostnetart.com.br\/baixada\/wp-json\/wp\/v2\/posts"}],"about":[{"href":"https:\/\/hostnetart.com.br\/baixada\/wp-json\/wp\/v2\/types\/post"}],"author":[{"embeddable":true,"href":"https:\/\/hostnetart.com.br\/baixada\/wp-json\/wp\/v2\/users\/1"}],"replies":[{"embeddable":true,"href":"https:\/\/hostnetart.com.br\/baixada\/wp-json\/wp\/v2\/comments?post=892"}],"version-history":[{"count":0,"href":"https:\/\/hostnetart.com.br\/baixada\/wp-json\/wp\/v2\/posts\/892\/revisions"}],"wp:attachment":[{"href":"https:\/\/hostnetart.com.br\/baixada\/wp-json\/wp\/v2\/media?parent=892"}],"wp:term":[{"taxonomy":"category","embeddable":true,"href":"https:\/\/hostnetart.com.br\/baixada\/wp-json\/wp\/v2\/categories?post=892"},{"taxonomy":"post_tag","embeddable":true,"href":"https:\/\/hostnetart.com.br\/baixada\/wp-json\/wp\/v2\/tags?post=892"}],"curies":[{"name":"wp","href":"https:\/\/api.w.org\/{rel}","templated":true}]}}