{"id":8918,"date":"2020-05-20T13:21:12","date_gmt":"2020-05-20T16:21:12","guid":{"rendered":"https:\/\/hostnetart.com.br\/baixada\/contraf-cut-fara-live-no-facebook-nesta-quarta-feira-20-2\/"},"modified":"2020-05-20T13:21:12","modified_gmt":"2020-05-20T16:21:12","slug":"contraf-cut-fara-live-no-facebook-nesta-quarta-feira-20-2","status":"publish","type":"post","link":"https:\/\/hostnetart.com.br\/baixada\/contraf-cut-fara-live-no-facebook-nesta-quarta-feira-20-2\/","title":{"rendered":"Contraf-CUT far\u00e1 live no Facebook nesta quarta-feira (20)"},"content":{"rendered":"<p>A Confedera\u00e7\u00e3o Nacional dos Trabalhadores do Ramo Financeiro (Contraf-CUT) realiza, nesta quarta-feira (20), \u00e0s 13h, mais uma transmiss\u00e3o ao vivo em sua p\u00e1gina do Facebook. Desta vez, a live debater\u00e1 a situa\u00e7\u00e3o dos banc\u00e1rios por estado. \u00a0Al\u00e9m de uma das coordenadoras do Comando Nacional dos Banc\u00e1rios, Juvandia Moreira, que \u00e9 tamb\u00e9m presidenta da Contraf-CUT, participar\u00e3o a presidenta da Federa\u00e7\u00e3o dos Trabalhadores do Ramo Financeiro (Fetrafi) Minas Gerais, Magaly Fagundes, e o presidente da Fetrafi-NE, Carlos Eduardo Bezerra Marques.<\/p>\n<p><strong>Fonte: Contraf-CUT<\/strong><\/p>\n","protected":false},"excerpt":{"rendered":"<p>A Confedera\u00e7\u00e3o Nacional dos Trabalhadores do Ramo Financeiro (Contraf-CUT) realiza, nesta quarta-feira (20), \u00e0s 13h, mais uma transmiss\u00e3o ao vivo em sua p\u00e1gina do Facebook. Desta vez, a live debater\u00e1 a situa\u00e7\u00e3o dos banc\u00e1rios por estado. \u00a0Al\u00e9m de uma das coordenadoras do Comando Nacional dos Banc\u00e1rios, Juvandia Moreira, que \u00e9 tamb\u00e9m presidenta da Contraf-CUT, participar\u00e3o [&hellip;]<\/p>\n","protected":false},"author":2,"featured_media":8917,"comment_status":"","ping_status":"","sticky":false,"template":"","format":"standard","meta":{"footnotes":""},"categories":[3],"tags":[],"class_list":["post-8918","post","type-post","status-publish","format-standard","has-post-thumbnail","hentry","category-noticias"],"_links":{"self":[{"href":"https:\/\/hostnetart.com.br\/baixada\/wp-json\/wp\/v2\/posts\/8918","targetHints":{"allow":["GET"]}}],"collection":[{"href":"https:\/\/hostnetart.com.br\/baixada\/wp-json\/wp\/v2\/posts"}],"about":[{"href":"https:\/\/hostnetart.com.br\/baixada\/wp-json\/wp\/v2\/types\/post"}],"author":[{"embeddable":true,"href":"https:\/\/hostnetart.com.br\/baixada\/wp-json\/wp\/v2\/users\/2"}],"replies":[{"embeddable":true,"href":"https:\/\/hostnetart.com.br\/baixada\/wp-json\/wp\/v2\/comments?post=8918"}],"version-history":[{"count":0,"href":"https:\/\/hostnetart.com.br\/baixada\/wp-json\/wp\/v2\/posts\/8918\/revisions"}],"wp:featuredmedia":[{"embeddable":true,"href":"https:\/\/hostnetart.com.br\/baixada\/wp-json\/wp\/v2\/media\/8917"}],"wp:attachment":[{"href":"https:\/\/hostnetart.com.br\/baixada\/wp-json\/wp\/v2\/media?parent=8918"}],"wp:term":[{"taxonomy":"category","embeddable":true,"href":"https:\/\/hostnetart.com.br\/baixada\/wp-json\/wp\/v2\/categories?post=8918"},{"taxonomy":"post_tag","embeddable":true,"href":"https:\/\/hostnetart.com.br\/baixada\/wp-json\/wp\/v2\/tags?post=8918"}],"curies":[{"name":"wp","href":"https:\/\/api.w.org\/{rel}","templated":true}]}}