{"id":8914,"date":"2020-05-19T04:05:49","date_gmt":"2020-05-19T07:05:49","guid":{"rendered":"https:\/\/hostnetart.com.br\/baixada\/com-mais-674-mortos-em-um-dia-brasil-e-o-terceiro-do-mundo-em-infectados-pelo-coronavirus\/"},"modified":"2020-05-19T04:05:49","modified_gmt":"2020-05-19T07:05:49","slug":"com-mais-674-mortos-em-um-dia-brasil-e-o-terceiro-do-mundo-em-infectados-pelo-coronavirus","status":"publish","type":"post","link":"https:\/\/hostnetart.com.br\/baixada\/com-mais-674-mortos-em-um-dia-brasil-e-o-terceiro-do-mundo-em-infectados-pelo-coronavirus\/","title":{"rendered":"Com mais 674 mortos em um dia, Brasil \u00e9 o terceiro do mundo em infectados pelo coronav\u00edrus"},"content":{"rendered":"<p>Segundo o boletim desta segunda-feira (18) do Minist\u00e9rio da Sa\u00fade, o Brasil registrou mais 674 \u00f3bitos pela <a href=\"https:\/\/www.redebrasilatual.com.br\/tag\/coronavirus\/\" target=\"_blank\" rel=\"noopener noreferrer\">covid-19, doen\u00e7a provocada pelo novo coronav\u00edrus,<\/a> nas \u00faltimas 24 horas. Com isso, a pandemia j\u00e1 deixa 16.792 mortos no pa\u00eds. O n\u00famero de casos confirmados tamb\u00e9m mostrou crescimento expressivo: 13.140, totalizando 254.220 doentes desde o in\u00edcio do surto, atr\u00e1s apenas de Estados Unidos e R\u00fassia.<\/p>\n<p>Existe uma ampla subnotifica\u00e7\u00e3o sobre o n\u00famero real de contaminados no pa\u00eds, devido \u00e0 pouca aplica\u00e7\u00e3o de testes. Entidades acad\u00eamicas nacionais, como universidades federais, e internacionais, como a universidade norte-americana <a href=\"https:\/\/coronavirus.jhu.edu\/map.html\" target=\"_blank\" rel=\"noopener noreferrer\">Johns Hopkins<\/a>, calculam que os infectados no Brasil devem ser mais de 1 milh\u00e3o.<\/p>\n<p>Mesmo com a subnotifica\u00e7\u00e3o, o Brasil j\u00e1 ocupa a sexta posi\u00e7\u00e3o entre os pa\u00edses com mais mortes pela covid-19. A gravidade da pandemia j\u00e1 ultrapassa grandes centros de cont\u00e1gio, como It\u00e1lia, Fran\u00e7a e Turquia.<\/p>\n<h3>Epicentro<\/h3>\n<p>O <a href=\"https:\/\/www.redebrasilatual.com.br\/saude-e-ciencia\/2020\/05\/camara-de-sao-paulo-aprova-antecipacao-de-feriados-para-aumentar-isolamento\/\" target=\"_blank\" rel=\"noopener noreferrer\">epicentro da pandemia no pa\u00eds segue em S\u00e3o Paulo<\/a>. Com 4.823 mortos, o estado registra 63.066 contaminados. A taxa de mortalidade est\u00e1 em 10,4%, superior aos 6,7% do Brasil, o que pode significar uma subnotifica\u00e7\u00e3o mais extrema.<\/p>\n<p>O Sudeste \u00e9 o grande polo do novo coronav\u00edrus no Brasil. S\u00e3o 95.938 casos na regi\u00e3o, com 7.938 mortos. O Rio de Janeiro \u00e9 o segundo estado em n\u00fameros absolutos da pandemia: s\u00e3o 22.238 casos confirmados e 2.715 mortos.<\/p>\n<p>Ap\u00f3s o Sudeste, <a href=\"https:\/\/www.redebrasilatual.com.br\/saude-e-ciencia\/2020\/05\/ceara-e-o-estado-que-mais-faz-testagem-para-coronavirus\/\" target=\"_blank\" rel=\"noopener noreferrer\">vem o Nordeste<\/a>, com 81.537 doentes confirmados e 4.673 mortos. Na sequ\u00eancia, est\u00e3o Norte (45.277 casos e 2.987 \u00f3bitos), Sul (10.797 doentes e 349 mortos) e Centro-Oeste (7.531 casos e 171 mortos confirmados).<\/p>\n<p><strong>Fonte: Rede Brasil Atual<\/strong><\/p>\n","protected":false},"excerpt":{"rendered":"<p>Segundo o boletim desta segunda-feira (18) do Minist\u00e9rio da Sa\u00fade, o Brasil registrou mais 674 \u00f3bitos pela covid-19, doen\u00e7a provocada pelo novo coronav\u00edrus, nas \u00faltimas 24 horas. Com isso, a pandemia j\u00e1 deixa 16.792 mortos no pa\u00eds. O n\u00famero de casos confirmados tamb\u00e9m mostrou crescimento expressivo: 13.140, totalizando 254.220 doentes desde o in\u00edcio do surto, [&hellip;]<\/p>\n","protected":false},"author":2,"featured_media":8913,"comment_status":"","ping_status":"","sticky":false,"template":"","format":"standard","meta":{"footnotes":""},"categories":[3],"tags":[],"class_list":["post-8914","post","type-post","status-publish","format-standard","has-post-thumbnail","hentry","category-noticias"],"_links":{"self":[{"href":"https:\/\/hostnetart.com.br\/baixada\/wp-json\/wp\/v2\/posts\/8914","targetHints":{"allow":["GET"]}}],"collection":[{"href":"https:\/\/hostnetart.com.br\/baixada\/wp-json\/wp\/v2\/posts"}],"about":[{"href":"https:\/\/hostnetart.com.br\/baixada\/wp-json\/wp\/v2\/types\/post"}],"author":[{"embeddable":true,"href":"https:\/\/hostnetart.com.br\/baixada\/wp-json\/wp\/v2\/users\/2"}],"replies":[{"embeddable":true,"href":"https:\/\/hostnetart.com.br\/baixada\/wp-json\/wp\/v2\/comments?post=8914"}],"version-history":[{"count":0,"href":"https:\/\/hostnetart.com.br\/baixada\/wp-json\/wp\/v2\/posts\/8914\/revisions"}],"wp:featuredmedia":[{"embeddable":true,"href":"https:\/\/hostnetart.com.br\/baixada\/wp-json\/wp\/v2\/media\/8913"}],"wp:attachment":[{"href":"https:\/\/hostnetart.com.br\/baixada\/wp-json\/wp\/v2\/media?parent=8914"}],"wp:term":[{"taxonomy":"category","embeddable":true,"href":"https:\/\/hostnetart.com.br\/baixada\/wp-json\/wp\/v2\/categories?post=8914"},{"taxonomy":"post_tag","embeddable":true,"href":"https:\/\/hostnetart.com.br\/baixada\/wp-json\/wp\/v2\/tags?post=8914"}],"curies":[{"name":"wp","href":"https:\/\/api.w.org\/{rel}","templated":true}]}}