{"id":8912,"date":"2020-05-19T04:04:43","date_gmt":"2020-05-19T07:04:43","guid":{"rendered":"https:\/\/hostnetart.com.br\/baixada\/projeto-de-lei-propoe-suspensao-das-privatizacoes\/"},"modified":"2020-05-19T04:04:43","modified_gmt":"2020-05-19T07:04:43","slug":"projeto-de-lei-propoe-suspensao-das-privatizacoes","status":"publish","type":"post","link":"https:\/\/hostnetart.com.br\/baixada\/projeto-de-lei-propoe-suspensao-das-privatizacoes\/","title":{"rendered":"Projeto de Lei prop\u00f5e suspens\u00e3o das privatiza\u00e7\u00f5es"},"content":{"rendered":"<div class=\"elementor-element elementor-element-194680ec elementor-widget elementor-widget-theme-post-content\" data-id=\"194680ec\" data-element_type=\"widget\" data-widget_type=\"theme-post-content.default\">\n<div class=\"elementor-widget-container\">\n<p>O <a href=\"https:\/\/www.camara.leg.br\/proposicoesWeb\/prop_mostrarintegra;jsessionid=42CA1B6D5E12B7D43F05C216C97CDE31.proposicoesWebExterno1?codteor=1894459&amp;filename=PL+2715\/2020\" target=\"_blank\" rel=\"noopener noreferrer\">Projeto de Lei (PL) 2715\/2020<\/a>, apresentado sexta-feira (15) na C\u00e2mara pelo deputado Enio Verri (PT\/PR) e pelas deputadas Fernanda Melchionna (Psol\/RS), Jo\u00eania Wapichana (Rede\/RR) e Perp\u00e9tua Almeida (PCdoB\/AC), busca paralisar os processos de desestatiza\u00e7\u00e3o e desinvestimentos realizados pela administra\u00e7\u00e3o p\u00fablica federal direta e indireta durante a pandemia causada pelo novo coronav\u00edrus.<\/p>\n<p>\u201cO projeto \u00e9 muito bem vindo. Apesar de o governo n\u00e3o querer mostrar, vazaram declara\u00e7\u00f5es que comprovam a inten\u00e7\u00e3o de venda do Banco do Brasil\u201d, afirmou a presidenta da Confedera\u00e7\u00e3o Nacional dos Trabalhadores do Ramo Financeiro (Contraf-CUT), Juvandia Moreira. \u201cE, ao contr\u00e1rio do palavr\u00e3o que o ministro (Paulo Guedes) disse, o Banco do Brasil \u00e9 rent\u00e1vel, contribui com dividendos para o Tesouro Nacional e pode cumprir um papel fundamental para o crescimento econ\u00f4mico do pa\u00eds, principalmente para o fomento ao setor agropecu\u00e1rio\u201d, completou. \u201cClaro, que isso somente \u00e9 poss\u00edvel com um governo que tenha o interesse de fazer o pa\u00eds crescer\u201d, concluiu.<\/p>\n<p>Segundo o PL, ser\u00e3o suspensos todos os processos de desestatiza\u00e7\u00e3o e desinvestimentos regulados pelas leis 9.491, de 1997, 13.334, de 2016, e pelos decretos 9.188, de 2017, e 9.355, de 2018.<\/p>\n<p>Caso seja aprovado, o PL tamb\u00e9m atingir\u00e1 as aliena\u00e7\u00f5es de a\u00e7\u00f5es que repercutem em perda do controle acion\u00e1rio e estejam em curso, bem como impede a administra\u00e7\u00e3o p\u00fablica de realizar, por um per\u00edodo de at\u00e9 doze meses ap\u00f3s o fim do estado de calamidade p\u00fablica, os processos institu\u00eddos pelo Decreto Legislativo N\u00ba 6, de 2020.<\/p>\n<h3>Justificativa<\/h3>\n<p>Na justificativa do projeto, os deputados lembram que \u201ca hist\u00f3ria nos ensina que per\u00edodos de crise s\u00e3o um excelente momento para quem compra e um p\u00e9ssimo para quem vende! N\u00e3o precisamos ir muito longe para entender que, ap\u00f3s uma crise desta dimens\u00e3o os pre\u00e7os dos ativos caem, criando assim, um ambiente de ofertas hostis, ou melhor, uma grande liquida\u00e7\u00e3o de empresas de qualidade.\u201d<\/p>\n<p>Os deputados apresentam, ainda, exemplos de pa\u00edses, entre eles a Alemanha, a Espanha e It\u00e1lia, que est\u00e3o tomando medidas para proteger investidas do capital estrangeiro sobre empresas dos pa\u00edses citados.<\/p>\n<p>\u201cA resposta dos governos europeus foi r\u00e1pida e contundente \u2013 n\u00e3o se pode vender empresas estrat\u00e9gicas, p\u00fablicas ou mesmo privadas, quando seu valor de face \u00e9 muito menor que seu valor real\u201d, diz o Projeto de Lei.<\/p>\n<p>\u201cInfelizmente, nosso governo caminha na dire\u00e7\u00e3o oposta e p\u00f5e em risco nossa soberania, ao querer colocar \u00e0 venda empresas estrat\u00e9gicas. O patrim\u00f4nio nacional corre o risco de ser vendido ao pre\u00e7o de bananas. N\u00e3o podemos permitir que isso aconte\u00e7a e, por isso, vamos lutar pela aprova\u00e7\u00e3o deste projeto\u201d, disse Juvandia, ao lembrar que o governo est\u00e1 vendendo as subsidi\u00e1rias mais rent\u00e1veis do Banco do Brasil e de Caixa Econ\u00f4mica Federal, assim como da Petrobras, do Correios, da Eletrobras e de uma vasta lista de empresas p\u00fablicas. \u201cVamos nos organizar para que este projeto seja aprovado e a gente n\u00e3o veja nosso patrim\u00f4nio sendo dilapidado\u201d, afirmou a presidenta da Contraf-CUT.<\/p>\n<p><strong>Fonte: Contraf-CUT<\/strong><\/p>\n<\/div>\n<\/div>\n","protected":false},"excerpt":{"rendered":"<p>O Projeto de Lei (PL) 2715\/2020, apresentado sexta-feira (15) na C\u00e2mara pelo deputado Enio Verri (PT\/PR) e pelas deputadas Fernanda Melchionna (Psol\/RS), Jo\u00eania Wapichana (Rede\/RR) e Perp\u00e9tua Almeida (PCdoB\/AC), busca paralisar os processos de desestatiza\u00e7\u00e3o e desinvestimentos realizados pela administra\u00e7\u00e3o p\u00fablica federal direta e indireta durante a pandemia causada pelo novo coronav\u00edrus. \u201cO projeto \u00e9 [&hellip;]<\/p>\n","protected":false},"author":2,"featured_media":8911,"comment_status":"","ping_status":"","sticky":false,"template":"","format":"standard","meta":{"footnotes":""},"categories":[3],"tags":[],"class_list":["post-8912","post","type-post","status-publish","format-standard","has-post-thumbnail","hentry","category-noticias"],"_links":{"self":[{"href":"https:\/\/hostnetart.com.br\/baixada\/wp-json\/wp\/v2\/posts\/8912","targetHints":{"allow":["GET"]}}],"collection":[{"href":"https:\/\/hostnetart.com.br\/baixada\/wp-json\/wp\/v2\/posts"}],"about":[{"href":"https:\/\/hostnetart.com.br\/baixada\/wp-json\/wp\/v2\/types\/post"}],"author":[{"embeddable":true,"href":"https:\/\/hostnetart.com.br\/baixada\/wp-json\/wp\/v2\/users\/2"}],"replies":[{"embeddable":true,"href":"https:\/\/hostnetart.com.br\/baixada\/wp-json\/wp\/v2\/comments?post=8912"}],"version-history":[{"count":0,"href":"https:\/\/hostnetart.com.br\/baixada\/wp-json\/wp\/v2\/posts\/8912\/revisions"}],"wp:featuredmedia":[{"embeddable":true,"href":"https:\/\/hostnetart.com.br\/baixada\/wp-json\/wp\/v2\/media\/8911"}],"wp:attachment":[{"href":"https:\/\/hostnetart.com.br\/baixada\/wp-json\/wp\/v2\/media?parent=8912"}],"wp:term":[{"taxonomy":"category","embeddable":true,"href":"https:\/\/hostnetart.com.br\/baixada\/wp-json\/wp\/v2\/categories?post=8912"},{"taxonomy":"post_tag","embeddable":true,"href":"https:\/\/hostnetart.com.br\/baixada\/wp-json\/wp\/v2\/tags?post=8912"}],"curies":[{"name":"wp","href":"https:\/\/api.w.org\/{rel}","templated":true}]}}