{"id":8910,"date":"2020-05-19T04:02:38","date_gmt":"2020-05-19T07:02:38","guid":{"rendered":"https:\/\/hostnetart.com.br\/baixada\/caixa-divulga-novos-protocolos-que-diminuem-a-seguranca-da-saude-dos-empregados\/"},"modified":"2020-05-19T04:02:38","modified_gmt":"2020-05-19T07:02:38","slug":"caixa-divulga-novos-protocolos-que-diminuem-a-seguranca-da-saude-dos-empregados","status":"publish","type":"post","link":"https:\/\/hostnetart.com.br\/baixada\/caixa-divulga-novos-protocolos-que-diminuem-a-seguranca-da-saude-dos-empregados\/","title":{"rendered":"Caixa divulga novos protocolos que diminuem a seguran\u00e7a da sa\u00fade dos empregados"},"content":{"rendered":"<p>A Confedera\u00e7\u00e3o Nacional dos Trabalhadores do Ramo Financeiro, por interm\u00e9dio da Comiss\u00e3o Executiva dos Empregados (CEE), cobra que a Caixa reveja as medidas no novo protocolo de atua\u00e7\u00e3o de gestores e empregados, anunciado nesta segunda-feira (18). De acordo com as entidades, as mudan\u00e7as podem transformar as ag\u00eancias da Caixa num centro de propaga\u00e7\u00e3o do novo coronav\u00edrus (Covid-19).<\/p>\n<p>O banco abrandou as medidas que j\u00e1 estavam em protocolo, como a retirada da quarentena de at\u00e9 14 dias no caso de sintoma em unidade. O texto diz que a confirma\u00e7\u00e3o da doen\u00e7a para fins de cumprimento de protocolo a partir de agora s\u00f3 com apresenta\u00e7\u00e3o do exame PCR. Antes, n\u00e3o mencionava o tipo de exame.<\/p>\n<p>Para os casos de confirma\u00e7\u00e3o ou suspeita da Covid-19, o protocolo alterou de cinco para sete dias corridos o prazo da quarentena para os que tiveram contato pr\u00f3ximo com o suspeito ou contaminado e retirou a parte que dizia \u201cpodendo se estender para 14 dias (no caso de sintomas em algum outro empregado ou terceirizado), em prol da sa\u00fade individual e coletiva\u201d. \u00a0\u201cAs palavras tiveram contato est\u00e3o em negrito, refor\u00e7ando que s\u00f3 ser\u00e3o afastados aqueles que tiveram contato f\u00edsico direto, desconsiderando que o v\u00edrus se aloja nas superf\u00edcies e locais. E n\u00e3o resguarda tamb\u00e9m os demais empregados que poder\u00e3o continuar trabalhando. \u00c9 um descaso com os colegas, seus familiares e tamb\u00e9m com a popula\u00e7\u00e3o, dado o risco de poss\u00edvel contamina\u00e7\u00e3o\u201d, afirmou Fabiana Uehara Proscholdt, secret\u00e1ria da Cultura representante da Contraf-CUT nas negocia\u00e7\u00f5es com o banco.<\/p>\n<p> O novo documento ainda traz observa\u00e7\u00f5es novas, como o prazo de sete dias ser contado desde a data do afastamento do empregado, s\u00f3 que o PCR s\u00f3 pode ser feito entre o 3\u00b0 e o 10\u00b0 dia do in\u00edcio dos sintomas. \u201cSem falar que os resultados demoram a sair dependendo da cidade ou estado. Ser\u00e1 que v\u00e3o obrigar a pessoa voltar ao trabalho no 8\u00b0 dia mesmo que o resultado n\u00e3o tenha sa\u00eddo?\u201d, questionou Fabiana.<\/p>\n<p> Outra cr\u00edtica \u00e9 para a retirada da express\u00e3o que garantia o afastamento para trabalho remoto sem atestado do empregado que apresentasse sintomas. \u201cEntendemos que isso \u00e9 um retrocesso. O empregado deve usar sim a consulta pela teleorienta\u00e7\u00e3o, mas j\u00e1 estando afastado pela autodeclara\u00e7\u00e3o. Pra que arriscar se a empresa pode prevenir?\u201d, apontou a secret\u00e1ria da Contraf-CUT.<\/p>\n<p>\u201cCom o avan\u00e7o da pandemia e mudan\u00e7as no cen\u00e1rio, \u00e9 \u00f3bvio que os protocolos devem ser atualizados, mas com foco em garantir a seguran\u00e7a e sa\u00fade dos empregados e n\u00e3o para gerar medo e inseguran\u00e7a, ainda mais para os trabalhadores que est\u00e3o na linha de frente, no atendimento direto \u00e0 popula\u00e7\u00e3o. Inclusive esses novos protocolos n\u00e3o combinam com o que Pedro Guimar\u00e3es, presidente do banco, vem falando na imprensa de preocupa\u00e7\u00e3o com as pessoas. Refor\u00e7amos que a Caixa reveja esses equ\u00edvocos e atenda nosso pleito de ampliar a prote\u00e7\u00e3o aos trabalhadores e consequentemente para a sociedade\u201d, finalizou Fabiana Uehara.<\/p>\n<p><strong>Fonte: Contraf-CUT<\/strong><\/p>\n","protected":false},"excerpt":{"rendered":"<p>A Confedera\u00e7\u00e3o Nacional dos Trabalhadores do Ramo Financeiro, por interm\u00e9dio da Comiss\u00e3o Executiva dos Empregados (CEE), cobra que a Caixa reveja as medidas no novo protocolo de atua\u00e7\u00e3o de gestores e empregados, anunciado nesta segunda-feira (18). De acordo com as entidades, as mudan\u00e7as podem transformar as ag\u00eancias da Caixa num centro de propaga\u00e7\u00e3o do novo [&hellip;]<\/p>\n","protected":false},"author":2,"featured_media":8909,"comment_status":"","ping_status":"","sticky":false,"template":"","format":"standard","meta":{"footnotes":""},"categories":[3],"tags":[],"class_list":["post-8910","post","type-post","status-publish","format-standard","has-post-thumbnail","hentry","category-noticias"],"_links":{"self":[{"href":"https:\/\/hostnetart.com.br\/baixada\/wp-json\/wp\/v2\/posts\/8910","targetHints":{"allow":["GET"]}}],"collection":[{"href":"https:\/\/hostnetart.com.br\/baixada\/wp-json\/wp\/v2\/posts"}],"about":[{"href":"https:\/\/hostnetart.com.br\/baixada\/wp-json\/wp\/v2\/types\/post"}],"author":[{"embeddable":true,"href":"https:\/\/hostnetart.com.br\/baixada\/wp-json\/wp\/v2\/users\/2"}],"replies":[{"embeddable":true,"href":"https:\/\/hostnetart.com.br\/baixada\/wp-json\/wp\/v2\/comments?post=8910"}],"version-history":[{"count":0,"href":"https:\/\/hostnetart.com.br\/baixada\/wp-json\/wp\/v2\/posts\/8910\/revisions"}],"wp:featuredmedia":[{"embeddable":true,"href":"https:\/\/hostnetart.com.br\/baixada\/wp-json\/wp\/v2\/media\/8909"}],"wp:attachment":[{"href":"https:\/\/hostnetart.com.br\/baixada\/wp-json\/wp\/v2\/media?parent=8910"}],"wp:term":[{"taxonomy":"category","embeddable":true,"href":"https:\/\/hostnetart.com.br\/baixada\/wp-json\/wp\/v2\/categories?post=8910"},{"taxonomy":"post_tag","embeddable":true,"href":"https:\/\/hostnetart.com.br\/baixada\/wp-json\/wp\/v2\/tags?post=8910"}],"curies":[{"name":"wp","href":"https:\/\/api.w.org\/{rel}","templated":true}]}}