{"id":8904,"date":"2020-05-18T20:44:17","date_gmt":"2020-05-18T23:44:17","guid":{"rendered":"https:\/\/hostnetart.com.br\/baixada\/video-da-reuniao-ministerial-e-prova-de-ataques-ao-banco-do-brasil\/"},"modified":"2020-05-18T20:44:17","modified_gmt":"2020-05-18T23:44:17","slug":"video-da-reuniao-ministerial-e-prova-de-ataques-ao-banco-do-brasil","status":"publish","type":"post","link":"https:\/\/hostnetart.com.br\/baixada\/video-da-reuniao-ministerial-e-prova-de-ataques-ao-banco-do-brasil\/","title":{"rendered":"V\u00eddeo da reuni\u00e3o ministerial \u00e9 prova de ataques ao Banco do Brasil"},"content":{"rendered":"<div class=\"elementor-element elementor-element-194680ec elementor-widget elementor-widget-theme-post-content\" data-id=\"194680ec\" data-element_type=\"widget\" data-widget_type=\"theme-post-content.default\">\n<div class=\"elementor-widget-container\">\n<p>Mais uma vez, ficou claro que o Banco do Brasil \u00e9 v\u00edtima dos ataques do governo Bolsonaro. Durante a reuni\u00e3o ministerial, citada pelo ex-ministro Sergio Moro como prova das press\u00f5es que sofria para alterar a diretoria da Pol\u00edcia Federal, o ministro da Economia, <a href=\"https:\/\/www.istoedinheiro.com.br\/guedes-sugere-vender-rapidamente-a-p-do-bb-em-referencia-ao-banco-do-brasil-diz-jornal\/\" target=\"_blank\" rel=\"noopener noreferrer\">Paulo Guedes, teria afirmado<\/a> que \u00e9 preciso \u201cvender logo a porra do BB\u201d.<\/p>\n<p>\u201cN\u00e3o precisava nem ouvir o que foi falado na reuni\u00e3o. Basta ver a tranquilidade que Rubem Novaes tem para tocar o banco como se o Banco do Brasil fosse um banco privado, que em nenhum momento se colocou para contribuir com a solu\u00e7\u00e3o do problema das filas na Caixa (Econ\u00f4mica Federal)\u201d, observou o coordenador da Comiss\u00e3o de Empresa dos Funcion\u00e1rios do Banco do Brasil (CEBB), Jo\u00e3o Fukunaga. \u201cO BB est\u00e1 alheio a tudo isso que est\u00e1 ocorrendo com a Caixa e, mesmo com toda sua import\u00e2ncia, <a href=\"https:\/\/recontaai.com.br\/2020\/05\/15\/e-preciso-vender-logo-a-porra-do-bb\/\" target=\"_blank\" rel=\"noopener noreferrer\">se tornou um coadjuvante<\/a>\u201d, completou.<\/p>\n<p>A presidenta da Confedera\u00e7\u00e3o Nacional dos Trabalhadores do Ramo Financeiro (Contraf-CUT), Juvandia Moreira, tamb\u00e9m falou sobre o assunto. \u201cN\u00e3o \u00e9 a primeira vez que o Guedes deixa claro sua inten\u00e7\u00e3o de privatizar o Banco do Brasil. O banco j\u00e1 tinha sido inclu\u00eddo na lista de empresas a serem privatizadas e depois houve o recuo por causa da repercuss\u00e3o que a declara\u00e7\u00e3o teve. Mas, sem falar em privatiza\u00e7\u00e3o, o banco vem sendo vendido aos poucos. Suas partes mais rent\u00e1veis j\u00e1 foram vendidas e vai chegar uma hora que vai ficar s\u00f3 o \u2018esqueleto\u2019\u201d, disse. \u201cEsta \u00e9 a hora de a gente usar todas as formas poss\u00edveis para denunciar esta manobra e mostrar para a sociedade o que ela pode perder com a venda do banco\u201d, completou.<\/p>\n<p>Al\u00e9m dos ministros, os presidentes do Banco do Brasil e da Caixa Econ\u00f4mica Federal estavam presentes na reuni\u00e3o e tiveram a oportunidade de ver e ouvir a declara\u00e7\u00e3o de Guedes ao vivo.<\/p>\n<h3>Falta de transpar\u00eancia<\/h3>\n<p>Para Fukunaga, este \u00e9 um dos motivos que faz com que o governo lute tanto contra a divulga\u00e7\u00e3o da \u00edntegra do v\u00eddeo da reuni\u00e3o. \u201cN\u00e3o tem nada de \u2018quest\u00e3o de seguran\u00e7a nacional\u2019. O fato \u00e9 que, se o v\u00eddeo na \u00edntegra vier a se tornar p\u00fablico, muitas das tramoias que o governo faz por baixo dos panos podem vir \u00e0 tona, como a inten\u00e7\u00e3o de venda do banco\u201d, disse Fukunaga.<\/p>\n<p>A divulga\u00e7\u00e3o, ou n\u00e3o, da reuni\u00e3o tem sido o principal tema discutido na pol\u00edtica nacional. A divulga\u00e7\u00e3o da \u00edntegra do v\u00eddeo depende de determina\u00e7\u00e3o judicial.<\/p>\n<p><strong>Fonte: Contraf-CUT<\/strong><\/p>\n<\/div>\n<\/div>\n","protected":false},"excerpt":{"rendered":"<p>Mais uma vez, ficou claro que o Banco do Brasil \u00e9 v\u00edtima dos ataques do governo Bolsonaro. Durante a reuni\u00e3o ministerial, citada pelo ex-ministro Sergio Moro como prova das press\u00f5es que sofria para alterar a diretoria da Pol\u00edcia Federal, o ministro da Economia, Paulo Guedes, teria afirmado que \u00e9 preciso \u201cvender logo a porra do [&hellip;]<\/p>\n","protected":false},"author":2,"featured_media":8903,"comment_status":"","ping_status":"","sticky":false,"template":"","format":"standard","meta":{"footnotes":""},"categories":[3],"tags":[],"class_list":["post-8904","post","type-post","status-publish","format-standard","has-post-thumbnail","hentry","category-noticias"],"_links":{"self":[{"href":"https:\/\/hostnetart.com.br\/baixada\/wp-json\/wp\/v2\/posts\/8904","targetHints":{"allow":["GET"]}}],"collection":[{"href":"https:\/\/hostnetart.com.br\/baixada\/wp-json\/wp\/v2\/posts"}],"about":[{"href":"https:\/\/hostnetart.com.br\/baixada\/wp-json\/wp\/v2\/types\/post"}],"author":[{"embeddable":true,"href":"https:\/\/hostnetart.com.br\/baixada\/wp-json\/wp\/v2\/users\/2"}],"replies":[{"embeddable":true,"href":"https:\/\/hostnetart.com.br\/baixada\/wp-json\/wp\/v2\/comments?post=8904"}],"version-history":[{"count":0,"href":"https:\/\/hostnetart.com.br\/baixada\/wp-json\/wp\/v2\/posts\/8904\/revisions"}],"wp:featuredmedia":[{"embeddable":true,"href":"https:\/\/hostnetart.com.br\/baixada\/wp-json\/wp\/v2\/media\/8903"}],"wp:attachment":[{"href":"https:\/\/hostnetart.com.br\/baixada\/wp-json\/wp\/v2\/media?parent=8904"}],"wp:term":[{"taxonomy":"category","embeddable":true,"href":"https:\/\/hostnetart.com.br\/baixada\/wp-json\/wp\/v2\/categories?post=8904"},{"taxonomy":"post_tag","embeddable":true,"href":"https:\/\/hostnetart.com.br\/baixada\/wp-json\/wp\/v2\/tags?post=8904"}],"curies":[{"name":"wp","href":"https:\/\/api.w.org\/{rel}","templated":true}]}}