{"id":8902,"date":"2020-05-18T20:42:21","date_gmt":"2020-05-18T23:42:21","guid":{"rendered":"https:\/\/hostnetart.com.br\/baixada\/dia-internacional-de-luta-contra-a-lgbtfobia-e-celebrada-de-forma-virtual\/"},"modified":"2020-05-18T20:42:21","modified_gmt":"2020-05-18T23:42:21","slug":"dia-internacional-de-luta-contra-a-lgbtfobia-e-celebrada-de-forma-virtual","status":"publish","type":"post","link":"https:\/\/hostnetart.com.br\/baixada\/dia-internacional-de-luta-contra-a-lgbtfobia-e-celebrada-de-forma-virtual\/","title":{"rendered":"Dia Internacional de Luta contra a LGBTfobia \u00e9 celebrada de forma virtual"},"content":{"rendered":"<p>17 de maio \u00e9 o Dia Internacional de Combate a LGBTIfobia, data importante para o movimento LGBT que lembra a exclus\u00e3o do termo homossexualismo da lista de dist\u00farbios mentais do C\u00f3digo Internacional de Doen\u00e7as, pela Organiza\u00e7\u00e3o Mundial de Sa\u00fade (OMS), em 1990. Neste ano, al\u00e9m de celebrar essas e outras conquistas, a comunidade tamb\u00e9m cobra por mais respeito \u00e0 vida dos LBGTQIA+, com a realiza\u00e7\u00e3o de uma marcha virtual contra LGBTfobia, o Festival 17M.<\/p>\n<p>Num momento de pandemia como esta, causada pelo coronav\u00edrus, o evento ser\u00e1 realizado atrav\u00e9s das redes sociais, das 13h \u00e0s 14h. A ideia \u00e9 que as pessoas fa\u00e7am cartazes com a frase \u201c17 de maio Dia Internacional de Combate \u00e0 LGBTfobia\u201d e publiquem em suas redes com as hashtags #Festival17M e #NossasVidasNossasCores.<\/p>\n<p>De acordo com o dirigente da Confedera\u00e7\u00e3o Nacional dos Trabalhadores do Ramo Financeiro (Contraf-CUT), Adilson Barros, a popula\u00e7\u00e3o LGBTQIA+ sofre todos os dias com a viol\u00eancia, preconceito e o descaso do governo. \u201cA popula\u00e7\u00e3o de l\u00e9sbicas, gays, travestis e transexuais, mulheres trans e homens trans est\u00e1 sobrevivendo. Vivemos uma luta constante para defender os nossos direitos e conquistar avan\u00e7os em politicas p\u00fablicas que respeitem e nos tratem com os mesmos direitos de quem n\u00e3o \u00e9 LGBTQIA+\u201d, explicou.<\/p>\n<p>Adilson Barros tamb\u00e9m enfatizou a import\u00e2ncia do Festival 17M. \u201c\u00c9 importante sempre relembrar as datas marcadas pela luta contra a LGBTfobia e\u00a0 continuar lutando por uma sociedade de igualdade e respeito \u00e0s diferen\u00e7as. A participa\u00e7\u00e3o de todos da comunidade LGBTQIA+ \u00e9 fundamental para mostrar a nossa for\u00e7a\u201d, disse.<\/p>\n<p><strong>Fonte: Contraf-CUT<\/strong><\/p>\n","protected":false},"excerpt":{"rendered":"<p>17 de maio \u00e9 o Dia Internacional de Combate a LGBTIfobia, data importante para o movimento LGBT que lembra a exclus\u00e3o do termo homossexualismo da lista de dist\u00farbios mentais do C\u00f3digo Internacional de Doen\u00e7as, pela Organiza\u00e7\u00e3o Mundial de Sa\u00fade (OMS), em 1990. Neste ano, al\u00e9m de celebrar essas e outras conquistas, a comunidade tamb\u00e9m cobra [&hellip;]<\/p>\n","protected":false},"author":2,"featured_media":8901,"comment_status":"","ping_status":"","sticky":false,"template":"","format":"standard","meta":{"footnotes":""},"categories":[3],"tags":[],"class_list":["post-8902","post","type-post","status-publish","format-standard","has-post-thumbnail","hentry","category-noticias"],"_links":{"self":[{"href":"https:\/\/hostnetart.com.br\/baixada\/wp-json\/wp\/v2\/posts\/8902","targetHints":{"allow":["GET"]}}],"collection":[{"href":"https:\/\/hostnetart.com.br\/baixada\/wp-json\/wp\/v2\/posts"}],"about":[{"href":"https:\/\/hostnetart.com.br\/baixada\/wp-json\/wp\/v2\/types\/post"}],"author":[{"embeddable":true,"href":"https:\/\/hostnetart.com.br\/baixada\/wp-json\/wp\/v2\/users\/2"}],"replies":[{"embeddable":true,"href":"https:\/\/hostnetart.com.br\/baixada\/wp-json\/wp\/v2\/comments?post=8902"}],"version-history":[{"count":0,"href":"https:\/\/hostnetart.com.br\/baixada\/wp-json\/wp\/v2\/posts\/8902\/revisions"}],"wp:featuredmedia":[{"embeddable":true,"href":"https:\/\/hostnetart.com.br\/baixada\/wp-json\/wp\/v2\/media\/8901"}],"wp:attachment":[{"href":"https:\/\/hostnetart.com.br\/baixada\/wp-json\/wp\/v2\/media?parent=8902"}],"wp:term":[{"taxonomy":"category","embeddable":true,"href":"https:\/\/hostnetart.com.br\/baixada\/wp-json\/wp\/v2\/categories?post=8902"},{"taxonomy":"post_tag","embeddable":true,"href":"https:\/\/hostnetart.com.br\/baixada\/wp-json\/wp\/v2\/tags?post=8902"}],"curies":[{"name":"wp","href":"https:\/\/api.w.org\/{rel}","templated":true}]}}