{"id":890,"date":"2014-03-24T00:00:00","date_gmt":"2014-03-24T03:00:00","guid":{"rendered":"https:\/\/hostnetart.com.br\/baixada\/cut-quer-ratificacao-das-convencoes-internacionais-contra-discriminacao\/"},"modified":"2014-03-24T00:00:00","modified_gmt":"2014-03-24T03:00:00","slug":"cut-quer-ratificacao-das-convencoes-internacionais-contra-discriminacao","status":"publish","type":"post","link":"https:\/\/hostnetart.com.br\/baixada\/cut-quer-ratificacao-das-convencoes-internacionais-contra-discriminacao\/","title":{"rendered":"CUT quer ratifica\u00e7\u00e3o das conven\u00e7\u00f5es internacionais contra discrimina\u00e7\u00e3o"},"content":{"rendered":"<p>No m\u00eas do Dia Internacional de Combate \u00e0 Discrimina\u00e7\u00e3o Racial, celebrado nesta sexta-feira (21), o ministro das rela\u00e7\u00f5es exteriores do Brasil, Luiz Alberto Figueiredo, agradeceu o protagonismo da CUT nas a\u00e7\u00f5es de enfrentamento \u00e0 discrimina\u00e7\u00e3o.<\/p>\n<p>O of\u00edcio foi enviado para a Central ap\u00f3s troca de correspond\u00eancia entre o presidente da CUT, Vagner Freitas, e o ministro, onde o presidente manifesta apoio \u00e0 ades\u00e3o do Pa\u00eds \u00e0 \u201cConven\u00e7\u00e3o Interamericana Contra o Racismo, a Discrimina\u00e7\u00e3o Racial e Formas Correlatas de Intoler\u00e2ncia\u201d e \u00e0 \u201cConven\u00e7\u00e3o Interamericana Contra Toda Forma de Discrimina\u00e7\u00e3o e Intoler\u00e2ncia\u201d e pede sua ratifica\u00e7\u00e3o no Congresso Nacional. Os documentos s\u00f3 tem validade na Organiza\u00e7\u00e3o dos Estados Americanos (OEA) ap\u00f3s a ratifica\u00e7\u00e3o ap\u00f3s a ratifica\u00e7\u00e3o dos pa\u00edses membros.<\/p>\n<p>Em carta ao ministro, Vagner lembra que, \u201cao assinar essas duas Conven\u00e7\u00f5es, o Estado Brasileiro reafirma seu respeito e compromisso com a supera\u00e7\u00e3o do racismo, da xenofobia e todas as formas de discrimina\u00e7\u00e3o e intoler\u00e2ncia. S\u00f3 assim o povo pode exercer plenamente os seus direitos como construtores e construtoras hist\u00f3ricos do pa\u00eds.\u201d.<\/p>\n<p>A secret\u00e1ria nacional de Combate ao Racismo da CUT, Maria Julia Reis Nogueira tamb\u00e9m destaca a import\u00e2ncia dos documentos. \u201cS\u00e3o pol\u00edticas de enfrentamento \u00e0 desigualdade, \u00e0 discrimina\u00e7\u00e3o em geral, \u00e0 viol\u00eancia simb\u00f3lica exercida cotidianamente contra os negros e negras. E tudo em \u00e2mbito internacional, estruturando a\u00e7\u00f5es interligadas em defesa dos Direitos Humanos\u201d, destaca.<\/p>\n<p><strong>D\u00e9cada dos afrodescendentes<\/strong><\/p>\n<p>Segundo a dirigente, a pauta de enfrentamento ao racismo vem tomando espa\u00e7o na sociedade internacional. Os relat\u00f3rios de Doudou Di\u00e8ne, relator especial das Na\u00e7\u00f5es Unidas sobre as Formas Contempor\u00e2neas de Racismo, Discrimina\u00e7\u00e3o Racial, Xenofobia e Formas Conexas de Intoler\u00e2ncia, indicam a preocupa\u00e7\u00e3o da Organiza\u00e7\u00e3o das Na\u00e7\u00f5es Unidas (ONU) com a quest\u00e3o. \u201cOs avan\u00e7os s\u00e3o muitos, mas ainda h\u00e1 muito a avan\u00e7ar\u201d, complementa.<\/p>\n<p>Os documentos para os quais a CUT pede a ratifica\u00e7\u00e3o pelo Brasil se somam \u00e0s Confer\u00eancias Internacionais contra o Racismo (Durban) e \u00e0 D\u00e9cada Internacional dos Afrodescendentes, aprovada pela Assembleia Geral da ONU em 2013. O dec\u00eanio tem in\u00edcio em 2015, ano destinado a discutir internacionalmente a quest\u00e3o racial.<\/p>\n<p>Nesta sexta, Maria J\u00falia se re\u00fane, com outros movimentos sociais, com o Minist\u00e9rio das Rela\u00e7\u00f5es Exteriores, com a Secretaria de Pol\u00edticas de Promo\u00e7\u00e3o da Igualdade Racial (Seppir) e com a ONU para discutir a\u00e7\u00f5es conjuntas na Am\u00e9rica Latina no per\u00edodo de 2015 a 2024.<\/p>\n<p>\u201cQueremos, neste semin\u00e1rio, pensar conjuntamente uma forma de combate ao racismo em todo o mundo. Os relatos dos diferentes pa\u00edses da Am\u00e9rica presentes constatam que, infelizmente, a desigualdade tendo a cor da pele como motiva\u00e7\u00e3o acontece n\u00e3o apenas no Brasil, mas em todo o planeta.\u201d, afirma. \u201cEstrat\u00e9gias conjuntas tem maior sucesso\u201d.<\/p>\n<p>\u201cA d\u00e9cada dos afrodescendentes tem import\u00e2ncia para o mundo todo, com a\u00e7\u00f5es fundamentais para estimular a discuss\u00e3o de pol\u00edticas p\u00fablicas que ajudem a construir um mundo igualit\u00e1rio.\u201d, lembra a secret\u00e1ria. As organiza\u00e7\u00f5es pretendem incluir o tema em discuss\u00f5es oficiais de organismos internacionais como a Uni\u00e3o de Na\u00e7\u00f5es Sul-Americanas (Unasul) e o Mercosul.<\/p>\n<p><strong>Copa e racismo internacional<\/strong><\/p>\n<p>Recentemente, fatos racistas por todo o mundo se espalharam pela imprensa. Os incidentes abarcam desde a ministra da Justi\u00e7a francesa, Christiane Taubira, e a ministra de Integra\u00e7\u00e3o da It\u00e1lia, C\u00e9cile Kyenge; at\u00e9 jogadores e \u00e1rbitros de futebol. \u201cO Estado tem obriga\u00e7\u00e3o de prevenir e punir casos de racismo\u201d, afirma J\u00falia.<\/p>\n<p>A presidenta Dilma, em reuni\u00e3o com o movimento negro, decidiu colocar a quest\u00e3o do racismo como central na Copa do Mundo, em junho. A mandat\u00e1ria pediu mensagens de grandes lideran\u00e7as religiosas mundiais para manifestar avers\u00e3o ao preconceito.<\/p>\n<p>Para Maria J\u00falia, essa \u00e9 uma iniciativa importante, principalmente pelo n\u00famero de pessoas que vir\u00e3o ao Brasil e a transmiss\u00e3o internacional do evento. A a\u00e7\u00e3o pode significar uma internacionaliza\u00e7\u00e3o ainda maior da luta de negros e negras contra a discrimina\u00e7\u00e3o. \u201c\u00c9 interessante lembrar da campanha brasileira que acontecer\u00e1 em junho. \u00c9 uma \u00e9poca em que o mundo inteiro estar\u00e1 voltado para a Copa no Brasil\u201d, lembra.<\/p>\n<p>Para a dirigente, os desafios no Pa\u00eds s\u00e3o v\u00e1rios, como a equipara\u00e7\u00e3o salarial, os programas de cotas em servi\u00e7os p\u00fablicos e Universidades, o ensino de hist\u00f3ria e cultura brasileira nas escolas (Lei 10.639\/03). \u201cNo Brasil, n\u00f3s n\u00e3o somos minoria. Somos maioria, e essa maioria n\u00e3o se expressa quando analisamos a propor\u00e7\u00e3o de negros e brancos nas profiss\u00f5es mais abastadas, nos cargos p\u00fablicos, nas melhores faixas salariais. \u00c9 sabido que os negros recebem sal\u00e1rios menores, mesmo quando tem a mesma forma\u00e7\u00e3o que os brancos. S\u00e3o discuss\u00f5es e a\u00e7\u00f5es urgentes para o Brasil\u201d.<\/p>\n<p><strong>Dia Internacional de Combate \u00e0 Discrimina\u00e7\u00e3o Racial<\/strong><\/p>\n<p>O Dia Internacional de Combate \u00e0 Discrimina\u00e7\u00e3o Racial foi institu\u00eddo em homenagem \u00e0s 69 pessoas mortas e 186 feridas no dia 21 de mar\u00e7o de 1960, na cidade de Joanesburgo, capital da \u00c1frica do Sul. Uma manifesta\u00e7\u00e3o de negros foi cruelmente massacrada pelo ex\u00e9rcito do Apartheid, sendo o epis\u00f3dio conhecido internacionalmente como Massacre de Shaperville (nome do bairro da capital).<\/p>\n<p>Fonte: Henri Chevalier \u2013 CUT<\/p>\n","protected":false},"excerpt":{"rendered":"<p>No m\u00eas do Dia Internacional de Combate \u00e0 Discrimina\u00e7\u00e3o Racial, celebrado nesta sexta-feira (21), o ministro das rela\u00e7\u00f5es exteriores do Brasil, Luiz Alberto Figueiredo, agradeceu o protagonismo da CUT nas a\u00e7\u00f5es de enfrentamento \u00e0 discrimina\u00e7\u00e3o. O of\u00edcio foi enviado para a Central ap\u00f3s troca de correspond\u00eancia entre o presidente da CUT, Vagner Freitas, e o [&hellip;]<\/p>\n","protected":false},"author":1,"featured_media":0,"comment_status":"","ping_status":"","sticky":false,"template":"","format":"standard","meta":{"footnotes":""},"categories":[3],"tags":[],"class_list":["post-890","post","type-post","status-publish","format-standard","hentry","category-noticias"],"_links":{"self":[{"href":"https:\/\/hostnetart.com.br\/baixada\/wp-json\/wp\/v2\/posts\/890","targetHints":{"allow":["GET"]}}],"collection":[{"href":"https:\/\/hostnetart.com.br\/baixada\/wp-json\/wp\/v2\/posts"}],"about":[{"href":"https:\/\/hostnetart.com.br\/baixada\/wp-json\/wp\/v2\/types\/post"}],"author":[{"embeddable":true,"href":"https:\/\/hostnetart.com.br\/baixada\/wp-json\/wp\/v2\/users\/1"}],"replies":[{"embeddable":true,"href":"https:\/\/hostnetart.com.br\/baixada\/wp-json\/wp\/v2\/comments?post=890"}],"version-history":[{"count":0,"href":"https:\/\/hostnetart.com.br\/baixada\/wp-json\/wp\/v2\/posts\/890\/revisions"}],"wp:attachment":[{"href":"https:\/\/hostnetart.com.br\/baixada\/wp-json\/wp\/v2\/media?parent=890"}],"wp:term":[{"taxonomy":"category","embeddable":true,"href":"https:\/\/hostnetart.com.br\/baixada\/wp-json\/wp\/v2\/categories?post=890"},{"taxonomy":"post_tag","embeddable":true,"href":"https:\/\/hostnetart.com.br\/baixada\/wp-json\/wp\/v2\/tags?post=890"}],"curies":[{"name":"wp","href":"https:\/\/api.w.org\/{rel}","templated":true}]}}