{"id":8898,"date":"2020-05-15T17:06:27","date_gmt":"2020-05-15T20:06:27","guid":{"rendered":"https:\/\/hostnetart.com.br\/baixada\/auxilio-emergencial-confira-como-sera-o-pagamento-da-segunda-parcela\/"},"modified":"2020-05-15T17:06:27","modified_gmt":"2020-05-15T20:06:27","slug":"auxilio-emergencial-confira-como-sera-o-pagamento-da-segunda-parcela","status":"publish","type":"post","link":"https:\/\/hostnetart.com.br\/baixada\/auxilio-emergencial-confira-como-sera-o-pagamento-da-segunda-parcela\/","title":{"rendered":"Aux\u00edlio emergencial: confira como ser\u00e1 o pagamento da segunda parcela"},"content":{"rendered":"<p>Conforme publicado no<em> Di\u00e1rio Oficial da Uni\u00e3o<\/em> desta sexta-feira (15), os saques da segunda parcela do aux\u00edlio emergencial come\u00e7ar\u00e3o a partir da pr\u00f3xima segunda-feira (18) para os benefici\u00e1rios do Bolsa Fam\u00edlia. Para quem recebe pela poupan\u00e7a virtual da Caixa, os pagamentos come\u00e7am na quarta (20). Os demais poder\u00e3o sacar a partir do s\u00e1bado seguinte (23).<\/p>\n<p>Para os cadastrados no Bolsa Fam\u00edlia, as datas dos saques ser\u00e3o de acordo com o n\u00famero do N\u00famero de Identifica\u00e7\u00e3o Social (NIS), na seguinte ordem: NIS 1, 18 de maio; NIS 2, dia 19; NIS 3, 20; NIS 4, 21; NIS 5, 22; NIS 6, 25; NIS 7, 26; NIS 8, 27; NIS 9, 28 e NIS 0, 29.<\/p>\n<p>Para quem recebeu a primeira parcela do aux\u00edlio emergencial atrav\u00e9s da poupan\u00e7a virtual da Caixa, os recursos estar\u00e3o dispon\u00edveis, para transfer\u00eancia, d\u00e9bitos ou pagamento de boletos, de acordo com o m\u00eas de anivers\u00e1rio do benefici\u00e1rio.<\/p>\n<p>Em 20 de maio, nascidos em janeiro e fevereiro. No dia 21: nascidos em mar\u00e7o e abril, Dia 22, nascidos em maio e junho. Dia 23, nascidos em julho e agosto. Dia 25, nascidos em setembro e outubro. E dia 26, nascidos em novembro e dezembro.<\/p>\n<p>Por fim, os saques na boca do caixa para os demais benefici\u00e1rios tamb\u00e9m ocorrer\u00e3o de acordo com o m\u00eas de anivers\u00e1rio. A justificativa do governo \u00e9 evitar as <a href=\"https:\/\/www.redebrasilatual.com.br\/trabalho\/2020\/05\/populacao-bancarios-caixa-sofrimento-erros-governo-auxilio-emergencial\/\" target=\"_blank\" rel=\"noopener noreferrer\">filas e aglomera\u00e7\u00f5es<\/a> que ocorreram em todo o pa\u00eds durante o pagamento da primeira parcela.<\/p>\n<p>Em 30 de maio, nascidos em janeiro. Dia 1\u00ba de junho, nascidos em fevereiro. Dia 2, nascidos em mar\u00e7o. Dia 3, nascidos em abril, Dia 4, nascidos em maio. Dia 5, nascidos em junho. Dia 6, nascidos em julho. Dia 8, nascidos em agosto. Dia 9, nascidos em setembro. Dia 10, nascidos em outubro. Dia 12, nascidos em novembro. E dia 13, nascidos em dezembro.<\/p>\n<h2><span style=\"text-decoration: underline;\"><em>Balan\u00e7o<\/em><\/span><\/h2>\n<p>De acordo com a Caixa, quase 100 milh\u00f5es de pessoas j\u00e1 receberam o aux\u00edlio emergencial. E 26 milh\u00f5es de brasileiros tiveram o pedido negado, porque n\u00e3o se encaixavam nos <a href=\"https:\/\/www.redebrasilatual.com.br\/cidadania\/2020\/04\/confira-o-calendario-de-pagamento-do-auxilio-emergencial\/\">crit\u00e9rios legais<\/a>. Outros 12,4 milh\u00f5es tiveram que fazer o recadastramento, pois os dados foram considerados inconclusivos.<\/p>\n<p>Segundo o presidente da Caixa, Pedro Guimar\u00e3es, qualquer pessoa que se cadastrar at\u00e9 3 de julho receber\u00e1 as tr\u00eas parcelas do benef\u00edcio a que tem direito. O cadastro pode ser feito pelo <a href=\"https:\/\/auxilio.caixa.gov.br\/\" target=\"_blank\" rel=\"noopener noreferrer\">site<\/a> ou por meio de aplicativo.<\/p>\n<p>Quem n\u00e3o tinha direito, mas recebeu o aux\u00edlio, foram cerca de <a href=\"https:\/\/www.redebrasilatual.com.br\/politica\/2020\/05\/militares-auxilio-emergencial-indevido\/\" target=\"_blank\" rel=\"noopener noreferrer\">190 mil militares<\/a>, incluindo reservistas, reformados, pensionistas e anistiados. O montante desviado somou quase R$ 114 milh\u00f5es. Na \u00faltima quarta (13), o Tribunal de Contas da Uni\u00e3o determinou que os valores pagos irregularmente sejam devolvidos.<\/p>\n<p><strong>Fonte: Contraf-CUT<\/strong><\/p>\n","protected":false},"excerpt":{"rendered":"<p>Conforme publicado no Di\u00e1rio Oficial da Uni\u00e3o desta sexta-feira (15), os saques da segunda parcela do aux\u00edlio emergencial come\u00e7ar\u00e3o a partir da pr\u00f3xima segunda-feira (18) para os benefici\u00e1rios do Bolsa Fam\u00edlia. Para quem recebe pela poupan\u00e7a virtual da Caixa, os pagamentos come\u00e7am na quarta (20). Os demais poder\u00e3o sacar a partir do s\u00e1bado seguinte (23). [&hellip;]<\/p>\n","protected":false},"author":2,"featured_media":8897,"comment_status":"","ping_status":"","sticky":false,"template":"","format":"standard","meta":{"footnotes":""},"categories":[3],"tags":[],"class_list":["post-8898","post","type-post","status-publish","format-standard","has-post-thumbnail","hentry","category-noticias"],"_links":{"self":[{"href":"https:\/\/hostnetart.com.br\/baixada\/wp-json\/wp\/v2\/posts\/8898","targetHints":{"allow":["GET"]}}],"collection":[{"href":"https:\/\/hostnetart.com.br\/baixada\/wp-json\/wp\/v2\/posts"}],"about":[{"href":"https:\/\/hostnetart.com.br\/baixada\/wp-json\/wp\/v2\/types\/post"}],"author":[{"embeddable":true,"href":"https:\/\/hostnetart.com.br\/baixada\/wp-json\/wp\/v2\/users\/2"}],"replies":[{"embeddable":true,"href":"https:\/\/hostnetart.com.br\/baixada\/wp-json\/wp\/v2\/comments?post=8898"}],"version-history":[{"count":0,"href":"https:\/\/hostnetart.com.br\/baixada\/wp-json\/wp\/v2\/posts\/8898\/revisions"}],"wp:featuredmedia":[{"embeddable":true,"href":"https:\/\/hostnetart.com.br\/baixada\/wp-json\/wp\/v2\/media\/8897"}],"wp:attachment":[{"href":"https:\/\/hostnetart.com.br\/baixada\/wp-json\/wp\/v2\/media?parent=8898"}],"wp:term":[{"taxonomy":"category","embeddable":true,"href":"https:\/\/hostnetart.com.br\/baixada\/wp-json\/wp\/v2\/categories?post=8898"},{"taxonomy":"post_tag","embeddable":true,"href":"https:\/\/hostnetart.com.br\/baixada\/wp-json\/wp\/v2\/tags?post=8898"}],"curies":[{"name":"wp","href":"https:\/\/api.w.org\/{rel}","templated":true}]}}