{"id":8896,"date":"2020-05-15T17:05:08","date_gmt":"2020-05-15T20:05:08","guid":{"rendered":"https:\/\/hostnetart.com.br\/baixada\/bancarios-do-santander-aprovaram-acordos-com-o-banco\/"},"modified":"2020-05-15T17:05:08","modified_gmt":"2020-05-15T20:05:08","slug":"bancarios-do-santander-aprovaram-acordos-com-o-banco","status":"publish","type":"post","link":"https:\/\/hostnetart.com.br\/baixada\/bancarios-do-santander-aprovaram-acordos-com-o-banco\/","title":{"rendered":"Banc\u00e1rios do Santander aprovaram acordos com o banco"},"content":{"rendered":"<p>Sindicatos dos banc\u00e1rios de todo o pa\u00eds realizaram assembleias dos funcion\u00e1rios do Santander com vota\u00e7\u00e3o por sistema eletr\u00f4nico nesta quarta e quinta-feira (13 e 14) e aprovaram a renova\u00e7\u00e3o, por dois anos, da \u00edntegra do Acordo Coletivo de Trabalho (ACT), aditivo \u00e0 Conven\u00e7\u00e3o Coletiva de Trabalho (CCT) da categoria. Do total de votos, mais de 98% votaram pela aprova\u00e7\u00e3o do acordo. Nenhum sindicato reprovou os acordos<\/p>\n<p>O sistema possibilitou a participa\u00e7\u00e3o de todos os funcion\u00e1rios do banco, sindicalizados ou n\u00e3o, no processo de vota\u00e7\u00e3o.<\/p>\n<p>O acordo do Programa Pr\u00f3prio de Resultados Santander (PPRS) tamb\u00e9m foi aprovado e colocar\u00e1, al\u00e9m dos valores da PLR da categoria, no m\u00ednimo R$ 2.800 nos bolsos de cada funcion\u00e1rio. O valor da PPRS ser\u00e1 reajustado pelo mesmo \u00edndice que for definido na Campanha Nacional dos Banc\u00e1rios.<\/p>\n<p>Tamb\u00e9m foram aprovados os termos de compromisso em que o Santander preserva a manuten\u00e7\u00e3o da Caixa Beneficente dos Funcion\u00e1rios do Banco do Estado de S\u00e3o Paulo (Cabesp) e do Fundo Banespa de Seguridade Social (Banesprev).<\/p>\n<p>\u201cParab\u00e9ns aos banc\u00e1rios e banc\u00e1rias que votaram. Participar \u00e9 fortalecer o sindicato e as conquistas da categoria\u201d, afirmou a presidenta da Confedera\u00e7\u00e3o Nacional dos Trabalhadores do Ramo Financeiro (Contraf-CUT), Juvandia Moreira, que \u00e9 uma das coordenadoras do Comando Nacional dos Banc\u00e1rios.<\/p>\n<p>\u201cGarantimos a manuten\u00e7\u00e3o dos direitos previstos no atual acordo e ainda conseguimos algumas melhorias. Agora, vamos cuidar dos tr\u00e2mites para a assinatura deste acordo e nos prepararmos para buscar avan\u00e7os sobre <a href=\"https:\/\/contrafcut.com.br\/noticias\/bancarios-do-santander-conquistam-renovacao-do-acordo-aditivo\/\" target=\"_blank\" rel=\"noopener noreferrer\">outras reivindica\u00e7\u00f5es<\/a> nas negocia\u00e7\u00f5es que v\u00e3o ocorrer no CRT (Comit\u00ea de Rela\u00e7\u00f5es Trabalhistas)\u201d, explicou o secret\u00e1rio de Assuntos Socioecon\u00f4micos e representante da Contraf-CUT nas negocia\u00e7\u00f5es com o banco, Mario Raia, que \u00e9 funcion\u00e1rio do Santander e membro da Comiss\u00e3o de Organiza\u00e7\u00e3o dos Empregados (COE).<\/p>\n<p><strong>Fonte: Contraf-CUT<\/strong><\/p>\n","protected":false},"excerpt":{"rendered":"<p>Sindicatos dos banc\u00e1rios de todo o pa\u00eds realizaram assembleias dos funcion\u00e1rios do Santander com vota\u00e7\u00e3o por sistema eletr\u00f4nico nesta quarta e quinta-feira (13 e 14) e aprovaram a renova\u00e7\u00e3o, por dois anos, da \u00edntegra do Acordo Coletivo de Trabalho (ACT), aditivo \u00e0 Conven\u00e7\u00e3o Coletiva de Trabalho (CCT) da categoria. Do total de votos, mais de [&hellip;]<\/p>\n","protected":false},"author":2,"featured_media":8895,"comment_status":"","ping_status":"","sticky":false,"template":"","format":"standard","meta":{"footnotes":""},"categories":[3],"tags":[],"class_list":["post-8896","post","type-post","status-publish","format-standard","has-post-thumbnail","hentry","category-noticias"],"_links":{"self":[{"href":"https:\/\/hostnetart.com.br\/baixada\/wp-json\/wp\/v2\/posts\/8896","targetHints":{"allow":["GET"]}}],"collection":[{"href":"https:\/\/hostnetart.com.br\/baixada\/wp-json\/wp\/v2\/posts"}],"about":[{"href":"https:\/\/hostnetart.com.br\/baixada\/wp-json\/wp\/v2\/types\/post"}],"author":[{"embeddable":true,"href":"https:\/\/hostnetart.com.br\/baixada\/wp-json\/wp\/v2\/users\/2"}],"replies":[{"embeddable":true,"href":"https:\/\/hostnetart.com.br\/baixada\/wp-json\/wp\/v2\/comments?post=8896"}],"version-history":[{"count":0,"href":"https:\/\/hostnetart.com.br\/baixada\/wp-json\/wp\/v2\/posts\/8896\/revisions"}],"wp:featuredmedia":[{"embeddable":true,"href":"https:\/\/hostnetart.com.br\/baixada\/wp-json\/wp\/v2\/media\/8895"}],"wp:attachment":[{"href":"https:\/\/hostnetart.com.br\/baixada\/wp-json\/wp\/v2\/media?parent=8896"}],"wp:term":[{"taxonomy":"category","embeddable":true,"href":"https:\/\/hostnetart.com.br\/baixada\/wp-json\/wp\/v2\/categories?post=8896"},{"taxonomy":"post_tag","embeddable":true,"href":"https:\/\/hostnetart.com.br\/baixada\/wp-json\/wp\/v2\/tags?post=8896"}],"curies":[{"name":"wp","href":"https:\/\/api.w.org\/{rel}","templated":true}]}}