{"id":8894,"date":"2020-05-15T16:48:13","date_gmt":"2020-05-15T19:48:13","guid":{"rendered":"https:\/\/hostnetart.com.br\/baixada\/contraf-cut-cobra-fim-do-horario-estendido-e-extensao-do-trabalho-remoto\/"},"modified":"2020-05-15T16:48:13","modified_gmt":"2020-05-15T19:48:13","slug":"contraf-cut-cobra-fim-do-horario-estendido-e-extensao-do-trabalho-remoto","status":"publish","type":"post","link":"https:\/\/hostnetart.com.br\/baixada\/contraf-cut-cobra-fim-do-horario-estendido-e-extensao-do-trabalho-remoto\/","title":{"rendered":"Contraf-CUT cobra fim do hor\u00e1rio estendido e extens\u00e3o do trabalho remoto"},"content":{"rendered":"<div class=\"elementor-element elementor-element-194680ec elementor-widget elementor-widget-theme-post-content\" data-id=\"194680ec\" data-element_type=\"widget\" data-widget_type=\"theme-post-content.default\">\n<div class=\"elementor-widget-container\">\n<p>A uni\u00e3o, mesmo a dist\u00e2ncia e a mobiliza\u00e7\u00e3o dos trabalhadores t\u00eam mostrado a sua for\u00e7a durante a pandemia do coronav\u00edrus (Covid-19). A \u00faltima conquista desta mobiliza\u00e7\u00e3o foi na sexta-feira (8) \u00e0 noite, quando a dire\u00e7\u00e3o da Caixa Econ\u00f4mica Federal recuou da decis\u00e3o equivocada de convocar os gerentes gerais para ficarem em frente de suas ag\u00eancias fechadas (das 7h \u00e0s 9h) para indicarem quais as ag\u00eancias estariam abertas. Isso colocaria em risco os empregados, al\u00e9m de n\u00e3o ter resultado algum j\u00e1 que um cartaz teria o mesmo efeito.<\/p>\n<p>\u201cA convoca\u00e7\u00e3o dessa sexta-feira seria mais um desrespeito aos trabalhadores que est\u00e3o na linha de frente do atendimento \u00e0 popula\u00e7\u00e3o e cumprem com orgulho o papel social que o banco p\u00fablico desempenha. Foram os empregados da Caixa que atenderam aos mais de 50 milh\u00f5es de brasileiros que necessitam do aux\u00edlio emergencial neste cen\u00e1rio de pandemia da Covid-19. Todos est\u00e3o trabalhando com empenho, mesmo com a redu\u00e7\u00e3o de pessoal dos \u00faltimos cinco anos e o quadro de precariza\u00e7\u00e3o que a Caixa imp\u00f5e aos empregados\u201d, afirmou o coordenador da Comiss\u00e3o Executiva dos Empregados (CEE) da Caixa, Dion\u00edsio Reis.<\/p>\n<p>A luta agora tem de ser pela garantia do direito dos empregados descansarem. Por isso, a CEE\/ Caixa reivindica o fim do trabalho aos s\u00e1bados e do hor\u00e1rio estendido. A comiss\u00e3o cobra a renova\u00e7\u00e3o dos acordos de trabalho remoto e do fortalecimento dos protocolos de sa\u00fade, uma vez que a contamina\u00e7\u00e3o pelo coronav\u00edrus (e suas complica\u00e7\u00f5es) s\u00f3 tem aumentado no pa\u00eds. \u201cA dire\u00e7\u00e3o da Caixa deve entender que al\u00e9m de empregados somos humanos e que o cansa\u00e7o ataca o sistema imunol\u00f3gico. \u00c9 indispens\u00e1vel o repouso n\u00e3o s\u00f3 pelo esgotamento f\u00edsico, mas tamb\u00e9m ps\u00edquico. Os empregados precisam ser respeitados\u201d, afirmou Dion\u00edsio.<\/p>\n<p>Outra batalha urgente \u00e9 a press\u00e3o contra o Projeto de Lei que fixa hor\u00e1rio especial de funcionamento da Caixa durante a pandemia, apresentado deputado federal Diego Andrade (PSD-MG), nesta semana. Pelo texto do PL 2489\/20 em an\u00e1lise na C\u00e2mara dos Deputados, o hor\u00e1rio de atendimento das ag\u00eancias, durante a pandemia, seria das 6h \u00e0s 22h. \u201cOs empregados as Caixa j\u00e1 est\u00e3o com jornadas excessivas e debilitantes. O cansa\u00e7o ataca o sistema imunol\u00f3gico, o que os exp\u00f5em ainda mais aos riscos do Covid-19 ou mesmo de uma estafa\u201d, disse o coordenador da CEE\/ Caixa.<\/p>\n<p><strong>Fonte: Contraf-CUT<\/strong><\/p>\n<\/div>\n<\/div>\n","protected":false},"excerpt":{"rendered":"<p>A uni\u00e3o, mesmo a dist\u00e2ncia e a mobiliza\u00e7\u00e3o dos trabalhadores t\u00eam mostrado a sua for\u00e7a durante a pandemia do coronav\u00edrus (Covid-19). A \u00faltima conquista desta mobiliza\u00e7\u00e3o foi na sexta-feira (8) \u00e0 noite, quando a dire\u00e7\u00e3o da Caixa Econ\u00f4mica Federal recuou da decis\u00e3o equivocada de convocar os gerentes gerais para ficarem em frente de suas ag\u00eancias [&hellip;]<\/p>\n","protected":false},"author":2,"featured_media":8893,"comment_status":"","ping_status":"","sticky":false,"template":"","format":"standard","meta":{"footnotes":""},"categories":[3],"tags":[],"class_list":["post-8894","post","type-post","status-publish","format-standard","has-post-thumbnail","hentry","category-noticias"],"_links":{"self":[{"href":"https:\/\/hostnetart.com.br\/baixada\/wp-json\/wp\/v2\/posts\/8894","targetHints":{"allow":["GET"]}}],"collection":[{"href":"https:\/\/hostnetart.com.br\/baixada\/wp-json\/wp\/v2\/posts"}],"about":[{"href":"https:\/\/hostnetart.com.br\/baixada\/wp-json\/wp\/v2\/types\/post"}],"author":[{"embeddable":true,"href":"https:\/\/hostnetart.com.br\/baixada\/wp-json\/wp\/v2\/users\/2"}],"replies":[{"embeddable":true,"href":"https:\/\/hostnetart.com.br\/baixada\/wp-json\/wp\/v2\/comments?post=8894"}],"version-history":[{"count":0,"href":"https:\/\/hostnetart.com.br\/baixada\/wp-json\/wp\/v2\/posts\/8894\/revisions"}],"wp:featuredmedia":[{"embeddable":true,"href":"https:\/\/hostnetart.com.br\/baixada\/wp-json\/wp\/v2\/media\/8893"}],"wp:attachment":[{"href":"https:\/\/hostnetart.com.br\/baixada\/wp-json\/wp\/v2\/media?parent=8894"}],"wp:term":[{"taxonomy":"category","embeddable":true,"href":"https:\/\/hostnetart.com.br\/baixada\/wp-json\/wp\/v2\/categories?post=8894"},{"taxonomy":"post_tag","embeddable":true,"href":"https:\/\/hostnetart.com.br\/baixada\/wp-json\/wp\/v2\/tags?post=8894"}],"curies":[{"name":"wp","href":"https:\/\/api.w.org\/{rel}","templated":true}]}}