{"id":8890,"date":"2020-05-14T20:27:23","date_gmt":"2020-05-14T23:27:23","guid":{"rendered":"https:\/\/hostnetart.com.br\/baixada\/desencontro-de-informacoes-preocupam-bancarios-da-uop-bb\/"},"modified":"2020-05-14T20:27:23","modified_gmt":"2020-05-14T23:27:23","slug":"desencontro-de-informacoes-preocupam-bancarios-da-uop-bb","status":"publish","type":"post","link":"https:\/\/hostnetart.com.br\/baixada\/desencontro-de-informacoes-preocupam-bancarios-da-uop-bb\/","title":{"rendered":"Desencontro de informa\u00e7\u00f5es preocupam banc\u00e1rios da UOP BB"},"content":{"rendered":"<div class=\"elementor-element elementor-element-194680ec elementor-widget elementor-widget-theme-post-content\" data-id=\"194680ec\" data-element_type=\"widget\" data-widget_type=\"theme-post-content.default\">\n<div class=\"elementor-widget-container\">\n<p>Em meio \u00e0 pandemia do <a href=\"https:\/\/contrafcut.com.br\/coronavirus\/\" target=\"_blank\" rel=\"noopener noreferrer\">coronav\u00edrus<\/a>, o movimento sindical vem recebendo muitas reclama\u00e7\u00f5es de funcion\u00e1rios do Banco do Brasil lotados nas unidades que est\u00e3o sob subordina\u00e7\u00e3o da Unidade de Opera\u00e7\u00f5es de Solu\u00e7\u00f5es (UOP), principalmente nas Plataformas de Suporte Operacional (PSO\u2019s).<\/p>\n<p>A UOP \u00e9 uma unidade do Banco do Brasil que tem caracter\u00edstica de diretoria. Sob sua subordina\u00e7\u00e3o est\u00e3o os CENOP\u2019s e PSO\u2019s. As PSO s\u00e3o respons\u00e1veis pelos caixas e tesourarias das ag\u00eancias de todo o pa\u00eds.<\/p>\n<p>Uma das queixas aponta que alguns gerentes tem entrado em contato com colegas de declararam morar com pessoas do grupo de risco para Covid-19, oferecendo-lhes a possibilidade de retornar ao trabalho, caso haja mudan\u00e7a ou altera\u00e7\u00e3o da \u201csitua\u00e7\u00e3o\u201d do afastamento.<\/p>\n<p>Esse tipo de consulta ao funcion\u00e1rio afastado por autodeclara\u00e7\u00e3o contraria as orienta\u00e7\u00f5es que o Banco do Brasil tem divulgado aos seus gestores, e aos compromissos que o BB adotou com os funcion\u00e1rios nas negocia\u00e7\u00f5es com o movimento sindical.<\/p>\n<p>H\u00e1 reclama\u00e7\u00f5es em rela\u00e7\u00e3o a cobran\u00e7a de metas de neg\u00f3cios, com insinua\u00e7\u00f5es de falta de comprometimento dos funcion\u00e1rios pelo n\u00e3o atingimento dos resultados, demonstrando falta de respeito e empatia, situa\u00e7\u00e3o em que n\u00e3o se est\u00e1 levando em considera\u00e7\u00e3o a conjuntura social do pa\u00eds e a crise sanit\u00e1ria causada pelo combate ao coronav\u00edrus, indo na contram\u00e3o do que o Banco do Brasil tem preconizado nas negocia\u00e7\u00f5es com os sindicatos.<\/p>\n<h3>Uso irregular do b<strong>anco de horas<\/strong><\/h3>\n<p>Outra reclama\u00e7\u00e3o se refere ao fato de que, em algumas unidades, est\u00e3o sendo utilizados o banco de horas positivo dos funcion\u00e1rios para abonar horas j\u00e1 flexibilizadas, em consoante com as medidas de contingenciamento e seguran\u00e7a para atendimento banc\u00e1rio, j\u00e1 adotadas em todas as unidades do banco. Ou seja, o BB j\u00e1 assegurou o abono, sem necessidade de utilizar o banco de horas, em negocia\u00e7\u00e3o junto \u00e0 Comiss\u00e3o de Empresa dos Funcion\u00e1rios do BB, e no comunicado interno \u2013 Informe Coronav\u00edrus n.6.<\/p>\n<p>\u201cAchamos muito ruim criar alguma forma de puni\u00e7\u00e3o para aqueles que est\u00e3o na linha de frente atendendo a popula\u00e7\u00e3o com essa quest\u00e3o da utiliza\u00e7\u00e3o do banco de horas, e tamb\u00e9m vemos de forma muito negativa qualquer press\u00e3o para o retorno dos colegas que declararam que moram com pessoas dos grupos de risco e est\u00e3o em casa, porque a ideia seria n\u00e3o colocar em risco a vida dos familiares desses colegas que se dedicam \u00e0 empresa\u201d, protestou Jo\u00e3o Fukunaga, coordenador da CEBB.<\/p>\n<h3><strong>Refor\u00e7o das orienta\u00e7\u00f5es corretas<\/strong><\/h3>\n<p>Na ter\u00e7a-feira (12), o movimento sindical se reuniu com a Administra\u00e7\u00e3o da PSO, em S\u00e3o Paulo SP, a fim de buscar solu\u00e7\u00e3o e ajustes para as den\u00fancias. Na reuni\u00e3o, o Comit\u00ea de Administra\u00e7\u00e3o da PSO assegurou que n\u00e3o h\u00e1 nenhuma maneira distinta de tratar esses assuntos longe do que o Banco do Brasil j\u00e1 vem adotando, como medida para proteger trabalhadores e cliente, mas se comprometeu a refor\u00e7ar as orienta\u00e7\u00f5es corretas do banco junto aos seus gestores, enquanto mant\u00e9m canal permanentemente aberto para recepcionar as reclama\u00e7\u00f5es dos funcion\u00e1rios via sindicatos, no sentido de dar o devido tratamento e solu\u00e7\u00e3o.<\/p>\n<p>Nessa ocasi\u00e3o, foi solicitada, tamb\u00e9m, a aten\u00e7\u00e3o da administra\u00e7\u00e3o da PSO quanto \u00e0 possibilidade de se evitar utilizar as f\u00e9rias futuras dos trabalhadores ou, se o caso for imprescind\u00edvel, faz\u00ea-la com a devida parcim\u00f4nia, em per\u00edodos inferiores a 15 dias, a fim de assegurar algum tempo de descanso futuro para os funcion\u00e1rios.<\/p>\n<p>\u201cConsideramos um ato de maldade obrigar o trabalhador a cumprir, logo de imediato, o saldo futuro de 30 dias de f\u00e9rias para o per\u00edodo em aquisi\u00e7\u00e3o, embora amparado na Medida Provis\u00f3ria 927 do governo federal e nas orienta\u00e7\u00f5es do BB. Por esse crit\u00e9rio, o funcion\u00e1rio ficar\u00e1 em torno de dois anos e meio ininterruptos sem f\u00e9rias, o que poder\u00e1 comprometer sua sa\u00fade, causando esgotamento e perda de produtividade\u201d, avaliou Getulio Maciel, dirigente sindical da Fetec-CUT\/SP e representante da CEBB.<\/p>\n<p>\u201cO que nos causa mais estranhamento \u00e9 o fato de que, principalmente, n\u00e3o h\u00e1 nenhuma orienta\u00e7\u00e3o oficial de qualquer diretoria do Banco do Brasil sobre a forma de tratar esses assuntos\u201d, ressaltou Fukunaga.<\/p>\n<p>\u201cO fato \u00e9 que, a Diretoria de Gest\u00e3o de Pessoas do BB j\u00e1 tem conhecimento dessas situa\u00e7\u00f5es e est\u00e1 buscando compreender essas den\u00fancias para devida corre\u00e7\u00e3o e alinhamento dos rumos que est\u00e3o sendo tomados para salvaguardar o funcionalismo nesse momento de pandemia\u201d, acrescentou o dirigente.<\/p>\n<p>Qualquer reclama\u00e7\u00e3o de descumprimento dessas orienta\u00e7\u00f5es devem ser encaminhadas para os sindicatos, para que os mesmos encaminhem as demandas ao banco, para a devida regulariza\u00e7\u00e3o, conforme acordado entre os sindicatos e as \u00e1reas de Gest\u00e3o de Pessoas, PSO\u2019s e o Comit\u00ea de Gest\u00e3o de Crise.<\/p>\n<p><strong>Fonte:<\/strong> <strong>SPBanc\u00e1rios, com edi\u00e7\u00f5es da Contraf-CUT<\/strong><\/p>\n<p>\u00a0<\/p>\n<\/div>\n<\/div>\n","protected":false},"excerpt":{"rendered":"<p>Em meio \u00e0 pandemia do coronav\u00edrus, o movimento sindical vem recebendo muitas reclama\u00e7\u00f5es de funcion\u00e1rios do Banco do Brasil lotados nas unidades que est\u00e3o sob subordina\u00e7\u00e3o da Unidade de Opera\u00e7\u00f5es de Solu\u00e7\u00f5es (UOP), principalmente nas Plataformas de Suporte Operacional (PSO\u2019s). A UOP \u00e9 uma unidade do Banco do Brasil que tem caracter\u00edstica de diretoria. Sob [&hellip;]<\/p>\n","protected":false},"author":2,"featured_media":8889,"comment_status":"","ping_status":"","sticky":false,"template":"","format":"standard","meta":{"footnotes":""},"categories":[3],"tags":[],"class_list":["post-8890","post","type-post","status-publish","format-standard","has-post-thumbnail","hentry","category-noticias"],"_links":{"self":[{"href":"https:\/\/hostnetart.com.br\/baixada\/wp-json\/wp\/v2\/posts\/8890","targetHints":{"allow":["GET"]}}],"collection":[{"href":"https:\/\/hostnetart.com.br\/baixada\/wp-json\/wp\/v2\/posts"}],"about":[{"href":"https:\/\/hostnetart.com.br\/baixada\/wp-json\/wp\/v2\/types\/post"}],"author":[{"embeddable":true,"href":"https:\/\/hostnetart.com.br\/baixada\/wp-json\/wp\/v2\/users\/2"}],"replies":[{"embeddable":true,"href":"https:\/\/hostnetart.com.br\/baixada\/wp-json\/wp\/v2\/comments?post=8890"}],"version-history":[{"count":0,"href":"https:\/\/hostnetart.com.br\/baixada\/wp-json\/wp\/v2\/posts\/8890\/revisions"}],"wp:featuredmedia":[{"embeddable":true,"href":"https:\/\/hostnetart.com.br\/baixada\/wp-json\/wp\/v2\/media\/8889"}],"wp:attachment":[{"href":"https:\/\/hostnetart.com.br\/baixada\/wp-json\/wp\/v2\/media?parent=8890"}],"wp:term":[{"taxonomy":"category","embeddable":true,"href":"https:\/\/hostnetart.com.br\/baixada\/wp-json\/wp\/v2\/categories?post=8890"},{"taxonomy":"post_tag","embeddable":true,"href":"https:\/\/hostnetart.com.br\/baixada\/wp-json\/wp\/v2\/tags?post=8890"}],"curies":[{"name":"wp","href":"https:\/\/api.w.org\/{rel}","templated":true}]}}