{"id":8886,"date":"2020-05-14T14:08:51","date_gmt":"2020-05-14T17:08:51","guid":{"rendered":"https:\/\/hostnetart.com.br\/baixada\/com-749-mortes-em-24-horas-brasil-e-o-sexto-pais-mais-afetado-pelo-novo-coronavirus\/"},"modified":"2020-05-14T14:08:51","modified_gmt":"2020-05-14T17:08:51","slug":"com-749-mortes-em-24-horas-brasil-e-o-sexto-pais-mais-afetado-pelo-novo-coronavirus","status":"publish","type":"post","link":"https:\/\/hostnetart.com.br\/baixada\/com-749-mortes-em-24-horas-brasil-e-o-sexto-pais-mais-afetado-pelo-novo-coronavirus\/","title":{"rendered":"Com 749 mortes em 24 horas, Brasil \u00e9 o sexto pa\u00eds mais afetado pelo novo coronav\u00edrus"},"content":{"rendered":"<div class=\"the-content\">\n<p>A <a href=\"https:\/\/www.redebrasilatual.com.br\/tag\/coronavirus\/\" target=\"_blank\" rel=\"noopener noreferrer\">pandemia do novo coronav\u00edrus<\/a> segue em <a href=\"https:\/\/www.redebrasilatual.com.br\/cidadania\/2020\/05\/juristas-exigem-de-bolsonaro-respeito-pelas-vitimas-do-coronavirus-e-fim-de-ameacas-a-democracia\/\" target=\"_blank\" rel=\"noopener noreferrer\">crescimento no Brasil<\/a>, segundo boletim do Minist\u00e9rio da Sa\u00fade divulgado nesta quarta-feira (13). Nas \u00faltimas 24 horas, foram oficialmente registradas 749 mortes pela covid-19, doen\u00e7a provocada pelo v\u00edrus. J\u00e1 s\u00e3o 13.149 \u00f3bitos desde o in\u00edcio do surto no pa\u00eds. Um m\u00eas atr\u00e1s, no domingo de P\u00e1scoa, os mortos pela pandemia foram 99 e o total de v\u00edtimas era de 1.223.<\/p>\n<p>J\u00e1 o n\u00famero acumulado de casos teve um crescimento expressivo de 11.385 novos contaminados no intervalo equivalente a um dia. Com isso, s\u00e3o 188.974 doentes no Brasil. Os n\u00fameros posicionam o pa\u00eds como o sexto grande polo da pandemia mundial, atr\u00e1s de Estados Unidos, R\u00fassia, Reino Unido, Espanha e It\u00e1lia.<\/p>\n<p>A taxa de mortalidade est\u00e1 em 7% dos casos, acima da m\u00e9dia global, de cerca de 2%. Esse percentual elevado pode ter rela\u00e7\u00e3o com a falta de testes. O Brasil, proporcionalmente, realiza um n\u00famero baix\u00edssimo de testes da doen\u00e7a. Isso significa que, na pr\u00e1tica, o pa\u00eds pode ter mais de 1 milh\u00e3o de contaminados, de acordo com estudo da universidade de Johns Hopkins, nos Estados Unidos.<\/p>\n<p>O Sudeste concentra a maior parte dos casos e mortes. S\u00e3o 78.959 doentes na regi\u00e3o, com 6.536 mortos. O <a href=\"https:\/\/www.redebrasilatual.com.br\/saude-e-ciencia\/2020\/05\/mortes-covid-19-periferia-sobem-170\/\" target=\"_blank\" rel=\"noopener noreferrer\">epicentro, n\u00e3o apenas regional, mas em \u00e2mbito nacional, \u00e9 S\u00e3o Paulo: <\/a> s\u00e3o 51.097 doentes e 4.118 mortos no estado. Medidas de isolamento social implementadas pelo governo paulista ainda se mostram ineficientes. Com objetivo inicial de 70% na redu\u00e7\u00e3o da circula\u00e7\u00e3o de pessoas, esse \u00edndice se mant\u00e9m abaixo dos 50%. Hoje, a taxa ficou em 48% na capital e em 47% no interior e litoral somados.<\/p>\n<p>Na sequ\u00eancia vem o Nordeste, com 61.769 infectados e 3.818 mortos. A regi\u00e3o j\u00e1 tem cidades em quarentena mais radical, conhecida como<em> lockdown<\/em>. Fortaleza e S\u00e3o Lu\u00eds s\u00e3o os maiores exemplos, com sistema de sa\u00fade que aponta para o colapso pr\u00f3ximo. O Norte tem 34.088 infectados e 2.352 mortes. O Sul tem 8.741 doentes e 301 mortos. O local menos afetado \u00e9 o Centro-Oeste, com 5.417 casos confirmados e 142 mortos.<\/p>\n<div class=\"wp-block-image\">\n<figure class=\"aligncenter size-large is-resized\"><img fetchpriority=\"high\" decoding=\"async\" class=\"wp-image-419131\" src=\"https:\/\/www.redebrasilatual.com.br\/wp-content\/uploads\/2020\/05\/covid-13g.jpg\" alt=\"\" width=\"700\" height=\"571\" \/><\/figure>\n<\/div>\n<\/div>\n<div class=\"column large-12 small-12 no-padding\">\n<div class=\"post-content--tags\">\n<div class=\"post-content--section-title fz-14 mr-15\"><strong>Fonte: Rede Brasil Atual<\/strong><\/div>\n<\/div>\n<\/div>\n","protected":false},"excerpt":{"rendered":"<p>A pandemia do novo coronav\u00edrus segue em crescimento no Brasil, segundo boletim do Minist\u00e9rio da Sa\u00fade divulgado nesta quarta-feira (13). Nas \u00faltimas 24 horas, foram oficialmente registradas 749 mortes pela covid-19, doen\u00e7a provocada pelo v\u00edrus. J\u00e1 s\u00e3o 13.149 \u00f3bitos desde o in\u00edcio do surto no pa\u00eds. Um m\u00eas atr\u00e1s, no domingo de P\u00e1scoa, os mortos [&hellip;]<\/p>\n","protected":false},"author":2,"featured_media":8885,"comment_status":"","ping_status":"","sticky":false,"template":"","format":"standard","meta":{"footnotes":""},"categories":[3],"tags":[],"class_list":["post-8886","post","type-post","status-publish","format-standard","has-post-thumbnail","hentry","category-noticias"],"_links":{"self":[{"href":"https:\/\/hostnetart.com.br\/baixada\/wp-json\/wp\/v2\/posts\/8886","targetHints":{"allow":["GET"]}}],"collection":[{"href":"https:\/\/hostnetart.com.br\/baixada\/wp-json\/wp\/v2\/posts"}],"about":[{"href":"https:\/\/hostnetart.com.br\/baixada\/wp-json\/wp\/v2\/types\/post"}],"author":[{"embeddable":true,"href":"https:\/\/hostnetart.com.br\/baixada\/wp-json\/wp\/v2\/users\/2"}],"replies":[{"embeddable":true,"href":"https:\/\/hostnetart.com.br\/baixada\/wp-json\/wp\/v2\/comments?post=8886"}],"version-history":[{"count":0,"href":"https:\/\/hostnetart.com.br\/baixada\/wp-json\/wp\/v2\/posts\/8886\/revisions"}],"wp:featuredmedia":[{"embeddable":true,"href":"https:\/\/hostnetart.com.br\/baixada\/wp-json\/wp\/v2\/media\/8885"}],"wp:attachment":[{"href":"https:\/\/hostnetart.com.br\/baixada\/wp-json\/wp\/v2\/media?parent=8886"}],"wp:term":[{"taxonomy":"category","embeddable":true,"href":"https:\/\/hostnetart.com.br\/baixada\/wp-json\/wp\/v2\/categories?post=8886"},{"taxonomy":"post_tag","embeddable":true,"href":"https:\/\/hostnetart.com.br\/baixada\/wp-json\/wp\/v2\/tags?post=8886"}],"curies":[{"name":"wp","href":"https:\/\/api.w.org\/{rel}","templated":true}]}}