{"id":8884,"date":"2020-05-13T21:29:50","date_gmt":"2020-05-14T00:29:50","guid":{"rendered":"https:\/\/hostnetart.com.br\/baixada\/bancarios-do-itau-aprovam-acordo-de-banco-de-horas-negativo\/"},"modified":"2020-05-13T21:29:50","modified_gmt":"2020-05-14T00:29:50","slug":"bancarios-do-itau-aprovam-acordo-de-banco-de-horas-negativo","status":"publish","type":"post","link":"https:\/\/hostnetart.com.br\/baixada\/bancarios-do-itau-aprovam-acordo-de-banco-de-horas-negativo\/","title":{"rendered":"Banc\u00e1rios do Ita\u00fa aprovam acordo de banco de horas negativo"},"content":{"rendered":"<p>Os banc\u00e1rios do Ita\u00fa aprovaram, em assembleia virtual pelos sites dos Sindicatos de todo o Brasil, o acordo de banco de horas negativo, que garante direitos aos trabalhadores que est\u00e3o afastados ou em regime de rod\u00edzio nas ag\u00eancias, por conta da pandemia de coronav\u00edrus (Covid-19). O acordo prev\u00ea ainda abono das horas devidas dos meses de mar\u00e7o e abril e ainda desconto de 10% nas horas devidas a partir do m\u00eas de maio. <\/p>\n<p> \u201cA negocia\u00e7\u00e3o com o Ita\u00fa \u00e9 uma vit\u00f3ria, pois garantiu tranquilidade aos trabalhadores que est\u00e3o afastados ou em rod\u00edzio nas ag\u00eancias\u201d, afirmou Jair Alves, coordenador da Comiss\u00e3o Organiza\u00e7\u00e3o dos Empregados (COE) do Ita\u00fa.<\/p>\n<p> Pelo acordo, a reposi\u00e7\u00e3o das horas devidas s\u00f3 pode se dar no m\u00eas seguinte ao final da quarentena, por um per\u00edodo de 12 meses, limitado a duas horas a mais por dia e apenas nos dias \u00fateis, de segunda a sexta-feira. Tamb\u00e9m determina que caso o banc\u00e1rio trabalhe em s\u00e1bados, domingos e feriados, essas horas n\u00e3o ser\u00e3o consideradas como reposi\u00e7\u00e3o, portanto, ter\u00e3o de ser pagas como horas extras.<\/p>\n<p> O acordo prev\u00ea ainda que, caso o banc\u00e1rio seja demitido ap\u00f3s a quarentena, ele ter\u00e1 as horas devidas perdoadas, ou seja, elas n\u00e3o ser\u00e3o descontadas em sua rescis\u00e3o. \u00c9 importante lembrar que em mesa negocia\u00e7\u00e3o, o Sindicato conseguiu o compromisso do Ita\u00fa de n\u00e3o demitir sem justa causa durante a pandemia.<\/p>\n<p> O acordo s\u00f3 \u00e9 v\u00e1lido para quem se encontra em casa sem trabalhar, uma vez que os banc\u00e1rios que est\u00e3o em regime de home office cumprem suas jornadas e n\u00e3o sair\u00e3o devendo horas ao banco.<\/p>\n<p> Ficou estabelecido tamb\u00e9m que caso os banc\u00e1rios n\u00e3o queiram ficar afastados, poder\u00e3o trabalhar no call center durante a pandemia, recebendo treinamento para isso. Mesmo que a jornada desse banc\u00e1rio seja de 8 horas, eles cumprir\u00e3o a jornada de 6 horas do call center sem sair devendo essas duas horas por dia que estar\u00e3o fazendo a menos.<\/p>\n<p><strong>Fonte: Contraf-CUT<\/strong><\/p>\n","protected":false},"excerpt":{"rendered":"<p>Os banc\u00e1rios do Ita\u00fa aprovaram, em assembleia virtual pelos sites dos Sindicatos de todo o Brasil, o acordo de banco de horas negativo, que garante direitos aos trabalhadores que est\u00e3o afastados ou em regime de rod\u00edzio nas ag\u00eancias, por conta da pandemia de coronav\u00edrus (Covid-19). O acordo prev\u00ea ainda abono das horas devidas dos meses [&hellip;]<\/p>\n","protected":false},"author":2,"featured_media":8883,"comment_status":"","ping_status":"","sticky":false,"template":"","format":"standard","meta":{"footnotes":""},"categories":[3],"tags":[],"class_list":["post-8884","post","type-post","status-publish","format-standard","has-post-thumbnail","hentry","category-noticias"],"_links":{"self":[{"href":"https:\/\/hostnetart.com.br\/baixada\/wp-json\/wp\/v2\/posts\/8884","targetHints":{"allow":["GET"]}}],"collection":[{"href":"https:\/\/hostnetart.com.br\/baixada\/wp-json\/wp\/v2\/posts"}],"about":[{"href":"https:\/\/hostnetart.com.br\/baixada\/wp-json\/wp\/v2\/types\/post"}],"author":[{"embeddable":true,"href":"https:\/\/hostnetart.com.br\/baixada\/wp-json\/wp\/v2\/users\/2"}],"replies":[{"embeddable":true,"href":"https:\/\/hostnetart.com.br\/baixada\/wp-json\/wp\/v2\/comments?post=8884"}],"version-history":[{"count":0,"href":"https:\/\/hostnetart.com.br\/baixada\/wp-json\/wp\/v2\/posts\/8884\/revisions"}],"wp:featuredmedia":[{"embeddable":true,"href":"https:\/\/hostnetart.com.br\/baixada\/wp-json\/wp\/v2\/media\/8883"}],"wp:attachment":[{"href":"https:\/\/hostnetart.com.br\/baixada\/wp-json\/wp\/v2\/media?parent=8884"}],"wp:term":[{"taxonomy":"category","embeddable":true,"href":"https:\/\/hostnetart.com.br\/baixada\/wp-json\/wp\/v2\/categories?post=8884"},{"taxonomy":"post_tag","embeddable":true,"href":"https:\/\/hostnetart.com.br\/baixada\/wp-json\/wp\/v2\/tags?post=8884"}],"curies":[{"name":"wp","href":"https:\/\/api.w.org\/{rel}","templated":true}]}}