{"id":8882,"date":"2020-05-13T21:28:27","date_gmt":"2020-05-14T00:28:27","guid":{"rendered":"https:\/\/hostnetart.com.br\/baixada\/bancario-do-santander-quer-manter-sua-pprs-e-bolsa-de-estudos\/"},"modified":"2020-05-13T21:28:27","modified_gmt":"2020-05-14T00:28:27","slug":"bancario-do-santander-quer-manter-sua-pprs-e-bolsa-de-estudos","status":"publish","type":"post","link":"https:\/\/hostnetart.com.br\/baixada\/bancario-do-santander-quer-manter-sua-pprs-e-bolsa-de-estudos\/","title":{"rendered":"Banc\u00e1rio do Santander: Quer manter sua PPRS e bolsa de estudos?"},"content":{"rendered":"<p>Todo banc\u00e1rio do Santander, sindicalizado, ou n\u00e3o, j\u00e1 pode votar para ajudar a manter seus pr\u00f3prios direitos. Basta <a href=\"https:\/\/bancarios.votabem.com.br\/\" target=\"_blank\" rel=\"noopener noreferrer\">clicar aqui<\/a> para registrar o voto por sistema eletr\u00f4nico em assembleia virtual.<\/p>\n<p>O processo de vota\u00e7\u00e3o come\u00e7ou \u00e0s 8h de hoje (quarta-feira, 13) e segue at\u00e9 \u00e0s 18h de amanh\u00e3 (quinta-feira, 14).<\/p>\n<p>Na plataforma de vota\u00e7\u00e3o \u00e9 poss\u00edvel ler a \u00edntegra do acordo. Mas, resumidamente, est\u00e1 em pauta a manuten\u00e7\u00e3o do Programa Pr\u00f3prio de Resultados Santander (PPRS), que neste ano, al\u00e9m da PLR, pode colocar mais R$ 2.800 nos bolsos dos banc\u00e1rios. Tamb\u00e9m est\u00e1 em pauta a manuten\u00e7\u00e3o de todos os direitos previstos no Acordo Coletivo de Trabalho (ACT), aditivo \u00e0 Conven\u00e7\u00e3o Coletiva de Trabalho (CCT) da categoria, como 2.500 bolsas de estudo (100 para MBA, 1.400 para p\u00f3s-gradua\u00e7\u00e3o e 1.000 para primeira gradua\u00e7\u00e3o); licen\u00e7a de 30 dias para cuidar de parente; manuten\u00e7\u00e3o da estabilidade pr\u00e9-aposentadoria; manuten\u00e7\u00e3o do compromisso com a Cabesp e Banesprev.<\/p>\n<p><strong>Vota\u00e7\u00e3o eletr\u00f4nica<\/strong><\/p>\n<p>A Contraf-CUT disponibilizou aos sindicatos de todo o pa\u00eds um sistema de <a href=\"https:\/\/bancarios.votabem.com.br\/\" target=\"_blank\" rel=\"noopener noreferrer\">vota\u00e7\u00e3o eletr\u00f4nica<\/a> para permitir a delibera\u00e7\u00e3o pelos banc\u00e1rios, sindicalizados, ou n\u00e3o, sem que haja aglomera\u00e7\u00f5es de pessoas.<\/p>\n<p>Ao digitar alguns dados pessoais e o registro funcional, o banc\u00e1rio ser\u00e1 redirecionado para a p\u00e1gina de vota\u00e7\u00e3o do sindicato de sua base, onde ter\u00e1 acesso ao arquivo com a \u00edntegra do acordo e, dependendo do sindicato, um v\u00eddeo explicativo do acordo. Analisado o acordo, bastar\u00e1 que ele fa\u00e7a sua escolha.<\/p>\n<p>O Comando Nacional dos Banc\u00e1rios <a href=\"https:\/\/contrafcut.com.br\/noticias\/comando-indica-aprovacao-dos-acordos-do-santander-itau-e-bv\/\" target=\"_blank\" rel=\"noopener noreferrer\">indica a aprova\u00e7\u00e3o dos acordos<\/a>.<\/p>\n<p><span style=\"text-decoration: underline;\"><strong>Fonte: Contraf-CUT<\/strong><\/span><\/p>\n","protected":false},"excerpt":{"rendered":"<p>Todo banc\u00e1rio do Santander, sindicalizado, ou n\u00e3o, j\u00e1 pode votar para ajudar a manter seus pr\u00f3prios direitos. Basta clicar aqui para registrar o voto por sistema eletr\u00f4nico em assembleia virtual. O processo de vota\u00e7\u00e3o come\u00e7ou \u00e0s 8h de hoje (quarta-feira, 13) e segue at\u00e9 \u00e0s 18h de amanh\u00e3 (quinta-feira, 14). Na plataforma de vota\u00e7\u00e3o \u00e9 [&hellip;]<\/p>\n","protected":false},"author":2,"featured_media":8881,"comment_status":"","ping_status":"","sticky":false,"template":"","format":"standard","meta":{"footnotes":""},"categories":[3],"tags":[],"class_list":["post-8882","post","type-post","status-publish","format-standard","has-post-thumbnail","hentry","category-noticias"],"_links":{"self":[{"href":"https:\/\/hostnetart.com.br\/baixada\/wp-json\/wp\/v2\/posts\/8882","targetHints":{"allow":["GET"]}}],"collection":[{"href":"https:\/\/hostnetart.com.br\/baixada\/wp-json\/wp\/v2\/posts"}],"about":[{"href":"https:\/\/hostnetart.com.br\/baixada\/wp-json\/wp\/v2\/types\/post"}],"author":[{"embeddable":true,"href":"https:\/\/hostnetart.com.br\/baixada\/wp-json\/wp\/v2\/users\/2"}],"replies":[{"embeddable":true,"href":"https:\/\/hostnetart.com.br\/baixada\/wp-json\/wp\/v2\/comments?post=8882"}],"version-history":[{"count":0,"href":"https:\/\/hostnetart.com.br\/baixada\/wp-json\/wp\/v2\/posts\/8882\/revisions"}],"wp:featuredmedia":[{"embeddable":true,"href":"https:\/\/hostnetart.com.br\/baixada\/wp-json\/wp\/v2\/media\/8881"}],"wp:attachment":[{"href":"https:\/\/hostnetart.com.br\/baixada\/wp-json\/wp\/v2\/media?parent=8882"}],"wp:term":[{"taxonomy":"category","embeddable":true,"href":"https:\/\/hostnetart.com.br\/baixada\/wp-json\/wp\/v2\/categories?post=8882"},{"taxonomy":"post_tag","embeddable":true,"href":"https:\/\/hostnetart.com.br\/baixada\/wp-json\/wp\/v2\/tags?post=8882"}],"curies":[{"name":"wp","href":"https:\/\/api.w.org\/{rel}","templated":true}]}}