{"id":888,"date":"2014-03-24T00:00:00","date_gmt":"2014-03-24T03:00:00","guid":{"rendered":"https:\/\/hostnetart.com.br\/baixada\/contraf-cut-retoma-negociacao-sobre-gep-carreira-com-bndes-no-dia-26\/"},"modified":"2014-03-24T00:00:00","modified_gmt":"2014-03-24T03:00:00","slug":"contraf-cut-retoma-negociacao-sobre-gep-carreira-com-bndes-no-dia-26","status":"publish","type":"post","link":"https:\/\/hostnetart.com.br\/baixada\/contraf-cut-retoma-negociacao-sobre-gep-carreira-com-bndes-no-dia-26\/","title":{"rendered":"Contraf-CUT retoma negocia\u00e7\u00e3o sobre GEP Carreira com BNDES no dia 26"},"content":{"rendered":"<p>Ap\u00f3s a cobran\u00e7a feita pela Contraf-CUT, Sindicato dos Banc\u00e1rios do Rio de Janeiro e associa\u00e7\u00f5es dos funcion\u00e1rios, durante audi\u00eancia ocorrida na ter\u00e7a-feira (18) com o presidente do BNDES, Luciano Coutinho, o banco anunciou a retomada das negocia\u00e7\u00f5es, marcando uma nova rodada sobre o GEP Carreira para a pr\u00f3xima quarta-feira (26), \u00e0s 10h30, na capital fluminense.<\/p>\n<p>\u201cEspero que finalmente o banco apresente respostas a todas as quest\u00f5es pendentes, e que venham ao encontro dos anseios do funcionalismo\u201d, afirma Miguel Pereira, secret\u00e1rio de Organiza\u00e7\u00e3o do Ramo Financeiro da Contraf-CUT.<\/p>\n<p>\u201cConclu\u00edda a etapa da apresenta\u00e7\u00e3o do banco, vamos analisar e ver o que temos acordo. Se estiver tudo ok, vamos buscar agilizar os tr\u00e2mites junto ao governo. Caso contr\u00e1rio, vamos insistir no processo negocial\u201d, finaliza Miguel.<\/p>\n<p>Fonte: Contraf-CUT<\/p>\n","protected":false},"excerpt":{"rendered":"<p>Ap\u00f3s a cobran\u00e7a feita pela Contraf-CUT, Sindicato dos Banc\u00e1rios do Rio de Janeiro e associa\u00e7\u00f5es dos funcion\u00e1rios, durante audi\u00eancia ocorrida na ter\u00e7a-feira (18) com o presidente do BNDES, Luciano Coutinho, o banco anunciou a retomada das negocia\u00e7\u00f5es, marcando uma nova rodada sobre o GEP Carreira para a pr\u00f3xima quarta-feira (26), \u00e0s 10h30, na capital fluminense. [&hellip;]<\/p>\n","protected":false},"author":1,"featured_media":0,"comment_status":"","ping_status":"","sticky":false,"template":"","format":"standard","meta":{"footnotes":""},"categories":[3],"tags":[],"class_list":["post-888","post","type-post","status-publish","format-standard","hentry","category-noticias"],"_links":{"self":[{"href":"https:\/\/hostnetart.com.br\/baixada\/wp-json\/wp\/v2\/posts\/888","targetHints":{"allow":["GET"]}}],"collection":[{"href":"https:\/\/hostnetart.com.br\/baixada\/wp-json\/wp\/v2\/posts"}],"about":[{"href":"https:\/\/hostnetart.com.br\/baixada\/wp-json\/wp\/v2\/types\/post"}],"author":[{"embeddable":true,"href":"https:\/\/hostnetart.com.br\/baixada\/wp-json\/wp\/v2\/users\/1"}],"replies":[{"embeddable":true,"href":"https:\/\/hostnetart.com.br\/baixada\/wp-json\/wp\/v2\/comments?post=888"}],"version-history":[{"count":0,"href":"https:\/\/hostnetart.com.br\/baixada\/wp-json\/wp\/v2\/posts\/888\/revisions"}],"wp:attachment":[{"href":"https:\/\/hostnetart.com.br\/baixada\/wp-json\/wp\/v2\/media?parent=888"}],"wp:term":[{"taxonomy":"category","embeddable":true,"href":"https:\/\/hostnetart.com.br\/baixada\/wp-json\/wp\/v2\/categories?post=888"},{"taxonomy":"post_tag","embeddable":true,"href":"https:\/\/hostnetart.com.br\/baixada\/wp-json\/wp\/v2\/tags?post=888"}],"curies":[{"name":"wp","href":"https:\/\/api.w.org\/{rel}","templated":true}]}}