{"id":8878,"date":"2020-05-13T21:25:10","date_gmt":"2020-05-14T00:25:10","guid":{"rendered":"https:\/\/hostnetart.com.br\/baixada\/contraf-cut-e-fenae-repudiam-pl-que-fixa-horario-especial-de-funcionamento-da-caixa-durante-a-pandemia\/"},"modified":"2020-05-13T21:25:10","modified_gmt":"2020-05-14T00:25:10","slug":"contraf-cut-e-fenae-repudiam-pl-que-fixa-horario-especial-de-funcionamento-da-caixa-durante-a-pandemia","status":"publish","type":"post","link":"https:\/\/hostnetart.com.br\/baixada\/contraf-cut-e-fenae-repudiam-pl-que-fixa-horario-especial-de-funcionamento-da-caixa-durante-a-pandemia\/","title":{"rendered":"Contraf-CUT e Fenae repudiam PL que fixa hor\u00e1rio especial de funcionamento da Caixa durante a pandemia"},"content":{"rendered":"<p>Milh\u00f5es de brasileiros vivem o descaso do governo federal frente \u00e0 maior crise global vivida nos \u00faltimos tempos. Este cen\u00e1rio fica ainda mais claro ao observarmos as filas e aglomera\u00e7\u00f5es em frente a algumas ag\u00eancias da Caixa. Para piorar, o deputado federal Diego Andrade (PSD-MG) apresentou, nesta semana, o Projeto de Lei que fixa hor\u00e1rio especial de funcionamento da Caixa durante a pandemia. <\/p>\n<p>Pelo texto do PL 2489\/20 em an\u00e1lise na C\u00e2mara dos Deputados, a Caixa fixa o hor\u00e1rio de atendimento, das 6h \u00e0s 22h durante a pandemia. \u201cA medida sobrecarrega os empregados da Caixa. A pauta do movimento sindical segue ao contr\u00e1rio deste PL, ou seja, caso o hor\u00e1rio de atendimento seja ampliado, deve haver a contrata\u00e7\u00e3o de dois turnos. Por isso, n\u00f3s, como representantes dos trabalhadores, repudiamos um projeto que coloca em risco ainda mais a sa\u00fade dos trabalhadores neste momento t\u00e3o cr\u00edtico. As filas s\u00e3o consequ\u00eancia da falta de organiza\u00e7\u00e3o e de planejamento do governo federal\u201d, explicou o secret\u00e1rio de Finan\u00e7as da Confedera\u00e7\u00e3o Nacional dos Trabalhadores do Ramo Financeiro (Contraf-CUT) e presidente da Federa\u00e7\u00e3o Nacional das Associa\u00e7\u00f5es do Pessoal da Caixa Econ\u00f4mica Federal (Fenae), S\u00e9rgio Takemoto.<\/p>\n<p>Para os representantes dos empregados da Caixa, o governo desconhece o seu pr\u00f3prio povo. \u201cDesde o in\u00edcio, o movimento sindical e a Fenae v\u00eam solicitando que o governo fizesse a descentraliza\u00e7\u00e3o destes pagamentos, pois j\u00e1 prev\u00edamos um ac\u00famulo grande de pessoas em busca deste aux\u00edlio. O pa\u00eds \u00e9 extremamente carente e desigual e parece que o governo n\u00e3o conhece a realidade do seu povo, que previa o pagamento para 45 milh\u00f5es de pessoas, o que j\u00e1 ultrapassou a casa de 50 milh\u00f5es de pessoas e temos mais 20 milh\u00f5es esperando receber\u201d, disse Takemoto.<\/p>\n<p>Segundo Juvandia Moreira, presidenta da Contraf-CUT, o autor deste projeto quer apenas cinco minutos de fama. \u201cO ideal seria que o governo investisse no maior banco p\u00fablico do pa\u00eds e adotasse medidas de descentraliza\u00e7\u00e3o do pagamento para todos os bancos. Se depender desse governo, o caos nas filas ir\u00e1 continuar, as mortes pela pandemia e os casos de contamina\u00e7\u00e3o v\u00e3o continuar se multiplicando, sem que haja um plano nacional de emerg\u00eancia para sair desta grave crise\u201d, ressaltou.<\/p>\n<p>O movimento sindical j\u00e1 cobrou dos bancos Equipamentos de Prote\u00e7\u00e3o Individual (EPIs), protetores acr\u00edlicos nas ag\u00eancias para diminuir os \u00edndices de contamina\u00e7\u00e3o, entre outras coisas. No in\u00edcio da semana, os governos municipais e estaduais come\u00e7aram a atender as orienta\u00e7\u00f5es dos representantes dos empregados da Caixa com resultados positivos. Um exemplo disso \u00e9 que algumas prefeituras do pa\u00eds come\u00e7aram a instalar toldos e cadeiras em frente \u00e0s ag\u00eancias, entre outras medidas. De acordo com Takemoto, infelizmente, estas s\u00e3o iniciativas isoladas, sem uma coordena\u00e7\u00e3o do governo federal, que tem deixado claro que a sa\u00fade da popula\u00e7\u00e3o n\u00e3o \u00e9 sua prioridade.<\/p>\n<p>\u201cA jornada de trabalho da categoria deve ser cumprida de segunda a sexta-feira. Sobre o trabalho aos s\u00e1bados, domingos e feriados, deve ser negociado previamente com a entidade de representa\u00e7\u00e3o sindical. O que est\u00e1 havendo \u00e9 que o governo n\u00e3o tem capacidade (ou n\u00e3o quer) resolver o problema e est\u00e1 jogando tudo nas costas dos empregados da Caixa, o que \u00e9 um absurdo!\u201d, disse Juvandia. <\/p>\n<p>\u201cA pr\u00f3pria Caixa reconheceu que n\u00e3o houve uma procura para estender o atendimento. Os empregados est\u00e3o exaustos f\u00edsica e mentalmente e precisam e merecem descansar nos finais de semana. Inclusive j\u00e1 solicitamos que n\u00e3o houvesse mais os trabalhos aos s\u00e1bados\u201d, finalizou S\u00e9rgio.<\/p>\n<p><strong>Fonte: Contraf-CUT<\/strong><\/p>\n","protected":false},"excerpt":{"rendered":"<p>Milh\u00f5es de brasileiros vivem o descaso do governo federal frente \u00e0 maior crise global vivida nos \u00faltimos tempos. Este cen\u00e1rio fica ainda mais claro ao observarmos as filas e aglomera\u00e7\u00f5es em frente a algumas ag\u00eancias da Caixa. Para piorar, o deputado federal Diego Andrade (PSD-MG) apresentou, nesta semana, o Projeto de Lei que fixa hor\u00e1rio [&hellip;]<\/p>\n","protected":false},"author":2,"featured_media":8877,"comment_status":"","ping_status":"","sticky":false,"template":"","format":"standard","meta":{"footnotes":""},"categories":[3],"tags":[],"class_list":["post-8878","post","type-post","status-publish","format-standard","has-post-thumbnail","hentry","category-noticias"],"_links":{"self":[{"href":"https:\/\/hostnetart.com.br\/baixada\/wp-json\/wp\/v2\/posts\/8878","targetHints":{"allow":["GET"]}}],"collection":[{"href":"https:\/\/hostnetart.com.br\/baixada\/wp-json\/wp\/v2\/posts"}],"about":[{"href":"https:\/\/hostnetart.com.br\/baixada\/wp-json\/wp\/v2\/types\/post"}],"author":[{"embeddable":true,"href":"https:\/\/hostnetart.com.br\/baixada\/wp-json\/wp\/v2\/users\/2"}],"replies":[{"embeddable":true,"href":"https:\/\/hostnetart.com.br\/baixada\/wp-json\/wp\/v2\/comments?post=8878"}],"version-history":[{"count":0,"href":"https:\/\/hostnetart.com.br\/baixada\/wp-json\/wp\/v2\/posts\/8878\/revisions"}],"wp:featuredmedia":[{"embeddable":true,"href":"https:\/\/hostnetart.com.br\/baixada\/wp-json\/wp\/v2\/media\/8877"}],"wp:attachment":[{"href":"https:\/\/hostnetart.com.br\/baixada\/wp-json\/wp\/v2\/media?parent=8878"}],"wp:term":[{"taxonomy":"category","embeddable":true,"href":"https:\/\/hostnetart.com.br\/baixada\/wp-json\/wp\/v2\/categories?post=8878"},{"taxonomy":"post_tag","embeddable":true,"href":"https:\/\/hostnetart.com.br\/baixada\/wp-json\/wp\/v2\/tags?post=8878"}],"curies":[{"name":"wp","href":"https:\/\/api.w.org\/{rel}","templated":true}]}}