{"id":8876,"date":"2020-05-13T21:24:03","date_gmt":"2020-05-14T00:24:03","guid":{"rendered":"https:\/\/hostnetart.com.br\/baixada\/13-de-maio-data-de-uma-liberdade-que-ainda-nao-existe\/"},"modified":"2020-05-13T21:24:03","modified_gmt":"2020-05-14T00:24:03","slug":"13-de-maio-data-de-uma-liberdade-que-ainda-nao-existe","status":"publish","type":"post","link":"https:\/\/hostnetart.com.br\/baixada\/13-de-maio-data-de-uma-liberdade-que-ainda-nao-existe\/","title":{"rendered":"13 de maio: Data de uma liberdade que ainda n\u00e3o existe"},"content":{"rendered":"<div class=\"elementor-element elementor-element-194680ec elementor-widget elementor-widget-theme-post-content\" data-id=\"194680ec\" data-element_type=\"widget\" data-widget_type=\"theme-post-content.default\">\n<div class=\"elementor-widget-container\">\n<p>Depois de 132 anos de uma aboli\u00e7\u00e3o inacabada, este 13 de maio, Dia da Aboli\u00e7\u00e3o da Escravatura, convoca a sociedade para uma reflex\u00e3o profunda sobre o que esperar do Brasil ap\u00f3s a pandemia. A exposi\u00e7\u00e3o ainda maior das desigualdades sociais e raciais provocadas pela crise sanit\u00e1ria do novo coronav\u00edrus \u00e9 constatada nos n\u00fameros oficiais que apontam que negros e negras s\u00e3o as maiores v\u00edtimas da expans\u00e3o da Covid-19 no Brasil.<\/p>\n<p>De acordo com dados do Instituto Brasileiro de Geografia e Estatistica (IBGE), no Brasil o n\u00famero de negros mortos por coronav\u00edrus \u00e9 cinco vezes maior do que o de brancos. Em duas semanas, a quantidade de pessoas negras que morreram por Covid-19 no Brasil quintuplicou. De 11 a 26 de abril, mortes de pacientes negros \u2013 confirmadas pelo Governo Federal \u2013 foram de pouco mais de 180 para mais de 930. Al\u00e9m disso, a quantidade de brasileiros negros hospitalizados por S\u00edndrome Respirat\u00f3ria Aguda Grave (SRAG), causada por coronav\u00edrus, aumentou em 5,5 vezes.<\/p>\n<p>Para Almir Aguiar, secret\u00e1rio de Combate ao Racismo da Confedera\u00e7\u00e3o Nacional dos Trabalhadores do Ramo Financeiro (Contraf-CUT), a explos\u00e3o de casos de negros que s\u00e3o hospitalizados ou morrem por Covid-19 s\u00f3 escancara a olhos vistos e confirmam as den\u00fancias dos movimentos sociais sobre as desigualdades raciais no Brasil. \u201cEntre negros, h\u00e1 uma morte a cada tr\u00eas hospitalizados por SRAG. J\u00e1 entre brancos, h\u00e1 uma morte a cada 4,4 hospitaliza\u00e7\u00f5es. Estes n\u00fameros s\u00e3o oficiais do pr\u00f3prio governo federal e n\u00e3o podem ser deixados passar sem que haja uma indigna\u00e7\u00e3o nacional contra o racismo e a d\u00edvida hist\u00f3rica da sociedade brasileira com as comunidades negras. Em especial, num contexto t\u00e3o dram\u00e1tico e violento que temos visto contra comunidades quilombolas, ribeirinhas e ind\u00edgenas\u201d, afirmou.<\/p>\n<p>O Brasil, sempre com seu processo civilizat\u00f3rio tardio, foi o \u00faltimo pa\u00eds da Am\u00e9rica Latina a abolir a escravid\u00e3o de negros e negras, mesmo com toda a campanha da Inglaterra que, ap\u00f3s a Revolu\u00e7\u00e3o Industrial, pressionou para que em todo o continente fosse abolida a m\u00e3o-de-obra escrava para a cria\u00e7\u00e3o de novos mercados consumidores. Por\u00e9m, ainda hoje \u00e9 expl\u00edcito na sociedade brasileira que a vis\u00e3o escravocrata e o racismo predominam na burguesia, em pleno s\u00e9culo XXI.<\/p>\n<p>\u201cBasta olhar a pir\u00e2mide social: em todos os aspectos, seja de emprego, renda, acesso \u00e0 ocupa\u00e7\u00f5es de chefia em bancos e empresas privadas, condi\u00e7\u00f5es de moradia, sa\u00fade, saneamento b\u00e1sico e oportunidades e no n\u00famero de mortos pela viol\u00eancia policial. Os negros e negras est\u00e3o, em sua esmagadora maioria, na base da pir\u00e2mide social brasileira, com 78% formada por negros e pardos. A desigualdade no Brasil tem cor, e isto \u00e9 fato j\u00e1 confirmado por todos os estudos sociol\u00f3gicos e pelos pr\u00f3prios dados oficiais do IBGE (Instituto Brasileiro de Geografia e Estat\u00edstica)\u201d, afirmou o secret\u00e1rio de Combate ao Racismo da Confedera\u00e7\u00e3o Nacional dos Trabalhadores do Ramo Financeiro (Contraf-CUT), Almir Aguiar.<\/p>\n<p>O secret\u00e1rio de Combate ao Racismo da Contraf-CUT lamenta as a\u00e7\u00f5es, medidas e projetos do ministro banqueiro Paulo Guedes, do Governo Bolsonaro, e de Jair Bolsonaro. \u201cEssas atitudes v\u00e3o na contram\u00e3o desta reflex\u00e3o social e pol\u00edtica que a dor e as mortes da pandemia est\u00e3o trazendo a governos e sociedades do mundo inteiro. Por aqui, o governo s\u00f3 aprofunda a mis\u00e9ria e a desigualdade\u201d, disse.\u00a0<\/p>\n<p>Almir Aguiar afirmou que \u00e9 preciso pol\u00edticas afirmativas para diminuir as desigualdades sociais e de combate ao racismo. \u201cIndependentemente de posi\u00e7\u00f5es partid\u00e1rias e ideol\u00f3gicas, este Brasil p\u00f3s-Covid-19 n\u00e3o est\u00e1 nas pol\u00edticas elitistas, racistas e genocidas do atual governo. Certo tamb\u00e9m que n\u00e3o podemos mais admitir um pa\u00eds t\u00e3o desigual e injusto, e que a necessidade de pol\u00edticas afirmativas mais consistentes para garantir condi\u00e7\u00f5es de vida dignas e igualdade de oportunidades para negros e negras, n\u00e3o pode ser apenas uma pol\u00edtica do futuro governo e, sim, tem de ser um compromisso e uma pol\u00edtica de estado. Basta de racismo\u201d, finalizou o secret\u00e1rio de Combate ao Racismo da Contraf-CUT.<\/p>\n<p><strong>Fonte: Contraf-CUT<\/strong><\/p>\n<\/div>\n<\/div>\n","protected":false},"excerpt":{"rendered":"<p>Depois de 132 anos de uma aboli\u00e7\u00e3o inacabada, este 13 de maio, Dia da Aboli\u00e7\u00e3o da Escravatura, convoca a sociedade para uma reflex\u00e3o profunda sobre o que esperar do Brasil ap\u00f3s a pandemia. A exposi\u00e7\u00e3o ainda maior das desigualdades sociais e raciais provocadas pela crise sanit\u00e1ria do novo coronav\u00edrus \u00e9 constatada nos n\u00fameros oficiais que [&hellip;]<\/p>\n","protected":false},"author":2,"featured_media":8875,"comment_status":"","ping_status":"","sticky":false,"template":"","format":"standard","meta":{"footnotes":""},"categories":[3],"tags":[],"class_list":["post-8876","post","type-post","status-publish","format-standard","has-post-thumbnail","hentry","category-noticias"],"_links":{"self":[{"href":"https:\/\/hostnetart.com.br\/baixada\/wp-json\/wp\/v2\/posts\/8876","targetHints":{"allow":["GET"]}}],"collection":[{"href":"https:\/\/hostnetart.com.br\/baixada\/wp-json\/wp\/v2\/posts"}],"about":[{"href":"https:\/\/hostnetart.com.br\/baixada\/wp-json\/wp\/v2\/types\/post"}],"author":[{"embeddable":true,"href":"https:\/\/hostnetart.com.br\/baixada\/wp-json\/wp\/v2\/users\/2"}],"replies":[{"embeddable":true,"href":"https:\/\/hostnetart.com.br\/baixada\/wp-json\/wp\/v2\/comments?post=8876"}],"version-history":[{"count":0,"href":"https:\/\/hostnetart.com.br\/baixada\/wp-json\/wp\/v2\/posts\/8876\/revisions"}],"wp:featuredmedia":[{"embeddable":true,"href":"https:\/\/hostnetart.com.br\/baixada\/wp-json\/wp\/v2\/media\/8875"}],"wp:attachment":[{"href":"https:\/\/hostnetart.com.br\/baixada\/wp-json\/wp\/v2\/media?parent=8876"}],"wp:term":[{"taxonomy":"category","embeddable":true,"href":"https:\/\/hostnetart.com.br\/baixada\/wp-json\/wp\/v2\/categories?post=8876"},{"taxonomy":"post_tag","embeddable":true,"href":"https:\/\/hostnetart.com.br\/baixada\/wp-json\/wp\/v2\/tags?post=8876"}],"curies":[{"name":"wp","href":"https:\/\/api.w.org\/{rel}","templated":true}]}}