{"id":8868,"date":"2020-05-11T23:30:43","date_gmt":"2020-05-12T02:30:43","guid":{"rendered":"https:\/\/hostnetart.com.br\/baixada\/bancarios-vao-decidir-sobre-acordos-com-o-santander\/"},"modified":"2020-05-11T23:30:43","modified_gmt":"2020-05-12T02:30:43","slug":"bancarios-vao-decidir-sobre-acordos-com-o-santander","status":"publish","type":"post","link":"https:\/\/hostnetart.com.br\/baixada\/bancarios-vao-decidir-sobre-acordos-com-o-santander\/","title":{"rendered":"Banc\u00e1rios v\u00e3o decidir sobre acordos com o Santander"},"content":{"rendered":"<div class=\"elementor-element elementor-element-194680ec elementor-widget elementor-widget-theme-post-content\" data-id=\"194680ec\" data-element_type=\"widget\" data-widget_type=\"theme-post-content.default\">\n<div class=\"elementor-widget-container\">\n<p>Banc\u00e1rios do Santander de todo o pa\u00eds v\u00e3o realizar assembleias nos dias 13 e 14 de maio (quarta e quinta-feira) para deliberar sobre as propostas de renova\u00e7\u00f5es do Acordo Coletivo de Trabalho (ACT), aditivo \u00e0 Conven\u00e7\u00e3o Coletiva de Trabalho (CCT) da categoria; do acordo de Programa Pr\u00f3prio de Resultados Santander (PPRS) e dos termos de compromisso Banesprev e Cabesp.<\/p>\n<p>\u201cNa atual conjuntura, \u00e9 uma grande vit\u00f3ria a renova\u00e7\u00e3o dos acordos, que preveem conquistas al\u00e9m das que est\u00e3o na CCT (Conven\u00e7\u00e3o Coletiva de Trabalho)\u201d, avaliou a presidenta da Confedera\u00e7\u00e3o Nacional dos Trabalhadores do Ramo Financeiro (Contraf-CUT), Juvandia Moreira, que \u00e9 uma das coordenadoras do Comando Nacional dos Banc\u00e1rios, que <a href=\"https:\/\/contrafcut.com.br\/noticias\/comando-indica-aprovacao-dos-acordos-do-santander-itau-e-bv\/\" target=\"_blank\" rel=\"noopener noreferrer\">indica a aprova\u00e7\u00e3o dos acordos<\/a>.<\/p>\n<p>O sistema estar\u00e1 liberado para vota\u00e7\u00e3o dos banc\u00e1rios do Santander a partir das 8h de quarta-feira (13). A vota\u00e7\u00e3o ser\u00e1 permitida at\u00e9 \u00e0s 18h de quinta-feira (14). Basta que os banc\u00e1rios do Santander acessem o sistema de vota\u00e7\u00e3o pelo link que ser\u00e1 divulgado pelo seu sindicato.<\/p>\n<p>Representante da Contraf-CUT na mesa de negocia\u00e7\u00f5es com o banco, o secret\u00e1rio de Assuntos Socioecon\u00f4micos da Contraf-CUT, Mario Raia, explica que as reivindica\u00e7\u00f5es partiam da manuten\u00e7\u00e3o dos direitos previstos no atual acordo. \u201cIsso n\u00f3s j\u00e1 conseguimos, com melhorias no programa de aux\u00edlio \u00e0 educa\u00e7\u00e3o. E ainda vamos continuar a discutir no CRT (Comit\u00ea de Rela\u00e7\u00f5es Trabalhistas) sobre <a href=\"https:\/\/contrafcut.com.br\/wp-content\/uploads\/2020\/03\/minuta-de-reivindicacoes-act-2020.pdf?x15705\" target=\"_blank\" rel=\"noopener noreferrer\">outras reivindica\u00e7\u00f5es<\/a> como, por exemplo, a <a href=\"https:\/\/spbancarios.com.br\/03\/2020\/santander-queremos-tarifa-zero\" target=\"_blank\" rel=\"noopener noreferrer\">isen\u00e7\u00e3o de tarifas para funcion\u00e1rios<\/a>\u201d, explicou.<\/p>\n<p>Mario explicou ainda que, um dos anexos ao acordo aditivo, determina que, em at\u00e9 30 dias ap\u00f3s a assinatura da CCT, as partes voltam a se reunir para ratificar, ou alterar as condi\u00e7\u00f5es estabelecidas, se for necess\u00e1rio, caso haja alguma quest\u00e3o tratada de forma distinta da que for estabelecida na CCT, prevalecendo o que for mais ben\u00e9fico ao trabalhador.<\/p>\n<p>\u201cOu seja, aprovando o acordo agora, os funcion\u00e1rios do banco garantem todos os direitos atuais, com algumas melhorias. Isso \u00e9 importante, num momento em que muitos direitos dos trabalhadores est\u00e3o sendo cortados. Se houver algum avan\u00e7o na negocia\u00e7\u00e3o da CCT, haver\u00e1 a incorpora\u00e7\u00e3o autom\u00e1tica, pois prevalecer\u00e1 o que for melhor para os funcion\u00e1rios\u201d, completou.<\/p>\n<h3><strong>Vota\u00e7\u00e3o eletr\u00f4nica<\/strong><\/h3>\n<p>Em decorr\u00eancia da pandemia causada pelo novo coronav\u00edrus, para se evitar aglomera\u00e7\u00f5es, as assembleias ser\u00e3o virtuais, com vota\u00e7\u00e3o eletr\u00f4nica. O sistema, j\u00e1 utilizado em assembleias de outros sindicatos, foi disponibilizado pela Contraf-CUT para permitir a delibera\u00e7\u00e3o de banc\u00e1rios sindicalizados, ou n\u00e3o, de toda a base sindical. Basta a confirma\u00e7\u00e3o da identidade por meio de dados pessoais e de registro funcional.<\/p>\n<p>\u201c\u00c9 um sistema seguro, todo criptografado, que evita fraudes, garante o sigilo das informa\u00e7\u00f5es e permitir\u00e1 a vota\u00e7\u00e3o por todos os funcion\u00e1rios sem que os mesmos sejam expostos ao risco de cont\u00e1gio pelo novo coronav\u00edrus nas aglomera\u00e7\u00f5es que ocorrem nas assembleias presenciais realizadas normalmente. Assegurando o direito democr\u00e1tico de cada um opinar sobre o acordo e respeitando a decis\u00e3o da maioria\u201d, explicou Juvandia.<\/p>\n<p>No sistema, os banc\u00e1rios ter\u00e3o acesso \u00e0 integra do acordo e cada sindicato pode inserir um v\u00eddeo para explica\u00e7\u00e3o da proposta, no intuito de auxiliar na decis\u00e3o do trabalhador.<\/p>\n<p><strong>Fonte: Contraf-CUT<\/strong><\/p>\n<\/div>\n<\/div>\n","protected":false},"excerpt":{"rendered":"<p>Banc\u00e1rios do Santander de todo o pa\u00eds v\u00e3o realizar assembleias nos dias 13 e 14 de maio (quarta e quinta-feira) para deliberar sobre as propostas de renova\u00e7\u00f5es do Acordo Coletivo de Trabalho (ACT), aditivo \u00e0 Conven\u00e7\u00e3o Coletiva de Trabalho (CCT) da categoria; do acordo de Programa Pr\u00f3prio de Resultados Santander (PPRS) e dos termos de [&hellip;]<\/p>\n","protected":false},"author":2,"featured_media":8867,"comment_status":"","ping_status":"","sticky":false,"template":"","format":"standard","meta":{"footnotes":""},"categories":[3],"tags":[],"class_list":["post-8868","post","type-post","status-publish","format-standard","has-post-thumbnail","hentry","category-noticias"],"_links":{"self":[{"href":"https:\/\/hostnetart.com.br\/baixada\/wp-json\/wp\/v2\/posts\/8868","targetHints":{"allow":["GET"]}}],"collection":[{"href":"https:\/\/hostnetart.com.br\/baixada\/wp-json\/wp\/v2\/posts"}],"about":[{"href":"https:\/\/hostnetart.com.br\/baixada\/wp-json\/wp\/v2\/types\/post"}],"author":[{"embeddable":true,"href":"https:\/\/hostnetart.com.br\/baixada\/wp-json\/wp\/v2\/users\/2"}],"replies":[{"embeddable":true,"href":"https:\/\/hostnetart.com.br\/baixada\/wp-json\/wp\/v2\/comments?post=8868"}],"version-history":[{"count":0,"href":"https:\/\/hostnetart.com.br\/baixada\/wp-json\/wp\/v2\/posts\/8868\/revisions"}],"wp:featuredmedia":[{"embeddable":true,"href":"https:\/\/hostnetart.com.br\/baixada\/wp-json\/wp\/v2\/media\/8867"}],"wp:attachment":[{"href":"https:\/\/hostnetart.com.br\/baixada\/wp-json\/wp\/v2\/media?parent=8868"}],"wp:term":[{"taxonomy":"category","embeddable":true,"href":"https:\/\/hostnetart.com.br\/baixada\/wp-json\/wp\/v2\/categories?post=8868"},{"taxonomy":"post_tag","embeddable":true,"href":"https:\/\/hostnetart.com.br\/baixada\/wp-json\/wp\/v2\/tags?post=8868"}],"curies":[{"name":"wp","href":"https:\/\/api.w.org\/{rel}","templated":true}]}}