{"id":8866,"date":"2020-05-11T23:28:20","date_gmt":"2020-05-12T02:28:20","guid":{"rendered":"https:\/\/hostnetart.com.br\/baixada\/bancarios-do-itau-entrem-no-site-do-seu-sindicato-e-participe-da-assembleia\/"},"modified":"2020-05-11T23:28:20","modified_gmt":"2020-05-12T02:28:20","slug":"bancarios-do-itau-entrem-no-site-do-seu-sindicato-e-participe-da-assembleia","status":"publish","type":"post","link":"https:\/\/hostnetart.com.br\/baixada\/bancarios-do-itau-entrem-no-site-do-seu-sindicato-e-participe-da-assembleia\/","title":{"rendered":"Banc\u00e1rios do Ita\u00fa: entrem no site do seu sindicato e participe da assembleia"},"content":{"rendered":"<div class=\"elementor-element elementor-element-194680ec elementor-widget elementor-widget-theme-post-content\" data-id=\"194680ec\" data-element_type=\"widget\" data-widget_type=\"theme-post-content.default\">\n<div class=\"elementor-widget-container\">\n<p>Funcion\u00e1rios do Ita\u00fa de todo o Brasil podem votar, a partir desta segunda-feira (11), na <a href=\"https:\/\/contrafcut.com.br\/wp-content\/uploads\/2020\/05\/proposta-itau.pdf?x15705\" target=\"_blank\" rel=\"noopener noreferrer\">proposta de acordo de banco de horas negativo para os trabalhadores do banco que est\u00e3o afastados<\/a> por conta da pandemia do coronav\u00edrus, mas que n\u00e3o conseguem realizar suas tarefas em casa, e por isso n\u00e3o est\u00e3o trabalhando em regime de home office. Est\u00e3o inclu\u00eddos nesse acordo alguns banc\u00e1rios do grupo de risco e tamb\u00e9m os trabalhadores de ag\u00eancias que est\u00e3o em esquema de rod\u00edzio, trabalhando uma semana e folgando na seguinte.<\/p>\n<p> \u201cConseguimos negociar um acordo que garante que os trabalhadores que est\u00e3o em casa permane\u00e7am para preservar a sa\u00fade. Garante sal\u00e1rio, vales refei\u00e7\u00e3o e alimenta\u00e7\u00e3o todos os aux\u00edlios, PLR etc. Sem o acordo o banco pode aplicar a MP 927 e a quantidade de horas a compensar \u00e9 quase o dobro\u201d, explicou a presidenta da Confedera\u00e7\u00e3o Nacional dos Trabalhadores do Ramo Financeiro (Contraf-CUT), Juvandia Moreira, que \u00e9 uma das coordenadoras do Comando Nacional dos Banc\u00e1rios.<\/p>\n<p>Para participar das assembleias virtuais, os trabalhadores devem entrar, at\u00e9 ter\u00e7a-feira (12), no site do sindicato de sua base e procurar o local de vota\u00e7\u00e3o. \u201c\u00c9 fundamental a participa\u00e7\u00e3o de todos trabalhadores e os trabalhadoras do Ita\u00fa. Acesse o site do seu sindicato e garanta tranquilidade aos banc\u00e1rios que est\u00e3o em casa sem trabalhar ou em regime de rod\u00edzio\u201d, aconselhou Juvandia.<\/p>\n<p>O acordo prev\u00ea abono dos dois primeiros meses da quarentena, mar\u00e7o e abril. Ou seja, o trabalhador afastado n\u00e3o ter\u00e1 de compensar horas relativas a estes dois meses. O banco de horas negativo s\u00f3 passa a contar a partir de maio.<\/p>\n<p>Al\u00e9m disso, os trabalhadores ter\u00e3o desconto de 10% nas horas devidas. Por exemplo, se o banc\u00e1rio sair da quarentena devendo 200 horas, ele s\u00f3 ter\u00e1 de compensar 180 horas, pois 20 horas (10% das horas devidas) ser\u00e3o abonadas.<\/p>\n<p>O acordo s\u00f3 vale enquanto durar a quarentena adotada por conta da pandemia do coronav\u00edrus. E a compensa\u00e7\u00e3o iniciar\u00e1 no m\u00eas seguinte ao final da quarentena, limitada a duas horas por dia e somente nos dias \u00fateis, de segunda a sexta-feira, por 12 meses. Isso significa que o trabalhador n\u00e3o ter\u00e1 de compensar essas horas em feriados ou finais de semana; portanto, as horas trabalhadas em feriados, s\u00e1bados ou domingos dever\u00e3o ser pagas como horas extras. E caso o banc\u00e1rio seja demitido ap\u00f3s a pandemia (o Ita\u00fa se comprometeu a n\u00e3o demitir durante a pandemia), as horas devidas n\u00e3o ser\u00e3o descontadas na rescis\u00e3o.<\/p>\n<p>O Ita\u00fa tamb\u00e9m deu op\u00e7\u00e3o ao banc\u00e1rio afastado de trabalhar no teleatendimento, com treinamento para isso. A jornada do call center \u00e9 de 6 horas, mas mesmo que a jornada desse banc\u00e1rio seja de 8 horas, ele n\u00e3o ter\u00e1 de compensar essas duas horas a menos quando voltar para sua jornada normal.<\/p>\n<p><strong>Fonte: Contraf-CUT<\/strong><\/p>\n<figure class=\"wp-block-image size-large\"><img decoding=\"async\" class=\"wp-image-279342 lazyloaded\" src=\"https:\/\/contrafcut.com.br\/wp-content\/uploads\/2020\/05\/whatsapp-image-2020-05-11-at-12-38-01.jpeg?x15705\" sizes=\"(max-width: 882px) 100vw, 882px\" srcset=\"https:\/\/contrafcut.com.br\/wp-content\/uploads\/2020\/05\/whatsapp-image-2020-05-11-at-12-38-01.jpeg 882w, https:\/\/contrafcut.com.br\/wp-content\/uploads\/2020\/05\/whatsapp-image-2020-05-11-at-12-38-01-158x230.jpeg 158w, https:\/\/contrafcut.com.br\/wp-content\/uploads\/2020\/05\/whatsapp-image-2020-05-11-at-12-38-01-768x1115.jpeg 768w\" alt=\"\" data-lazy-srcset=\"https:\/\/contrafcut.com.br\/wp-content\/uploads\/2020\/05\/whatsapp-image-2020-05-11-at-12-38-01.jpeg 882w, https:\/\/contrafcut.com.br\/wp-content\/uploads\/2020\/05\/whatsapp-image-2020-05-11-at-12-38-01-158x230.jpeg 158w, https:\/\/contrafcut.com.br\/wp-content\/uploads\/2020\/05\/whatsapp-image-2020-05-11-at-12-38-01-768x1115.jpeg 768w\" data-lazy-sizes=\"(max-width: 882px) 100vw, 882px\" data-lazy-src=\"https:\/\/contrafcut.com.br\/wp-content\/uploads\/2020\/05\/whatsapp-image-2020-05-11-at-12-38-01.jpeg?x15705\" data-was-processed=\"true\" \/><\/figure>\n<\/div>\n<\/div>\n","protected":false},"excerpt":{"rendered":"<p>Funcion\u00e1rios do Ita\u00fa de todo o Brasil podem votar, a partir desta segunda-feira (11), na proposta de acordo de banco de horas negativo para os trabalhadores do banco que est\u00e3o afastados por conta da pandemia do coronav\u00edrus, mas que n\u00e3o conseguem realizar suas tarefas em casa, e por isso n\u00e3o est\u00e3o trabalhando em regime de [&hellip;]<\/p>\n","protected":false},"author":2,"featured_media":8865,"comment_status":"","ping_status":"","sticky":false,"template":"","format":"standard","meta":{"footnotes":""},"categories":[3],"tags":[],"class_list":["post-8866","post","type-post","status-publish","format-standard","has-post-thumbnail","hentry","category-noticias"],"_links":{"self":[{"href":"https:\/\/hostnetart.com.br\/baixada\/wp-json\/wp\/v2\/posts\/8866","targetHints":{"allow":["GET"]}}],"collection":[{"href":"https:\/\/hostnetart.com.br\/baixada\/wp-json\/wp\/v2\/posts"}],"about":[{"href":"https:\/\/hostnetart.com.br\/baixada\/wp-json\/wp\/v2\/types\/post"}],"author":[{"embeddable":true,"href":"https:\/\/hostnetart.com.br\/baixada\/wp-json\/wp\/v2\/users\/2"}],"replies":[{"embeddable":true,"href":"https:\/\/hostnetart.com.br\/baixada\/wp-json\/wp\/v2\/comments?post=8866"}],"version-history":[{"count":0,"href":"https:\/\/hostnetart.com.br\/baixada\/wp-json\/wp\/v2\/posts\/8866\/revisions"}],"wp:featuredmedia":[{"embeddable":true,"href":"https:\/\/hostnetart.com.br\/baixada\/wp-json\/wp\/v2\/media\/8865"}],"wp:attachment":[{"href":"https:\/\/hostnetart.com.br\/baixada\/wp-json\/wp\/v2\/media?parent=8866"}],"wp:term":[{"taxonomy":"category","embeddable":true,"href":"https:\/\/hostnetart.com.br\/baixada\/wp-json\/wp\/v2\/categories?post=8866"},{"taxonomy":"post_tag","embeddable":true,"href":"https:\/\/hostnetart.com.br\/baixada\/wp-json\/wp\/v2\/tags?post=8866"}],"curies":[{"name":"wp","href":"https:\/\/api.w.org\/{rel}","templated":true}]}}