{"id":8864,"date":"2020-05-11T23:27:01","date_gmt":"2020-05-12T02:27:01","guid":{"rendered":"https:\/\/hostnetart.com.br\/baixada\/coletivo-nacional-de-saude-do-trabalhador-da-contraf-cut-repudia-relaxamento-de-medidas-de-protecao\/"},"modified":"2020-05-11T23:27:01","modified_gmt":"2020-05-12T02:27:01","slug":"coletivo-nacional-de-saude-do-trabalhador-da-contraf-cut-repudia-relaxamento-de-medidas-de-protecao","status":"publish","type":"post","link":"https:\/\/hostnetart.com.br\/baixada\/coletivo-nacional-de-saude-do-trabalhador-da-contraf-cut-repudia-relaxamento-de-medidas-de-protecao\/","title":{"rendered":"Coletivo Nacional de Sa\u00fade do Trabalhador da Contraf-CUT repudia relaxamento de medidas de prote\u00e7\u00e3o"},"content":{"rendered":"<div class=\"elementor-element elementor-element-194680ec elementor-widget elementor-widget-theme-post-content\" data-id=\"194680ec\" data-element_type=\"widget\" data-widget_type=\"theme-post-content.default\">\n<div class=\"elementor-widget-container\">\n<p>O Coletivo Nacional de Sa\u00fade dos Banc\u00e1rios se reuniu na sexta-feira (8) para atualizar o debate sobre o enfrentamento \u00e0 pandemia causada pelo novo coronav\u00edrus. Os representantes da categoria banc\u00e1ria afirmam ser inaceit\u00e1vel o relaxamento das medidas protetivas, em um momento no qual os casos de Covid-19 est\u00e3o em franca ascens\u00e3o, e repudiam os descumprimentos dos procedimentos de prote\u00e7\u00e3o pelo banco Santander.<\/p>\n<p>Segundo os representantes dos trabalhadores, o banco deixou de fazer a sanitiza\u00e7\u00e3o das unidades onde foram confirmados casos de Covid-19 e se prepara para romper o isolamento social e retomar as atividades normais, em um momento em que as autoridades destacam a necessidade de paralisa\u00e7\u00e3o total das atividades em diversos locais do pa\u00eds.<\/p>\n<p>O secret\u00e1rio de Sa\u00fade do Trabalhador da Confedera\u00e7\u00e3o Nacional dos Trabalhadores do Ramo Financeiro (Contraf-CUT), Mauro Salles, em nome do Coletivo Nacional de Sa\u00fade dos Trabalhadores, repudia o descomprometimento do Santander.<\/p>\n<p>\u201cO Coletivo repudia iniciativas de qualquer banco que vise o relaxamento das medidas, especialmente a postura que aparentemente o banco Santander est\u00e1 tomando ao descumprir os procedimentos. \u00c9 preciso que as medidas sejam claras, padronizadas e abrangentes para dar tranquilidade aos banc\u00e1rios que est\u00e3o inseguros, tensos, com medo do cont\u00e1gio e de seu futuro\u201d, afirmou.<\/p>\n<p>De acordo com Mauro Salles, o momento exige que a prote\u00e7\u00e3o seja ampliada. \u201cO ideal seria realizar a testagem dos banc\u00e1rios a cada 15 dias e garantir o afastamento dos trabalhadores que tenham tido contato com colegas infectados, mesmo na suspeita. Os locais devem ser fechados, higienizados e os banc\u00e1rios devem passar por testes de cont\u00e1gio e medi\u00e7\u00e3o de temperatura sempre antes de iniciar suas atividades\u201d, afirmou.<\/p>\n<p>Durante a reuni\u00e3o, os representantes da categoria tamb\u00e9m enfatizaram a import\u00e2ncia da conscientiza\u00e7\u00e3o em rela\u00e7\u00e3o ao uso de m\u00e1scaras e outros equipamentos protetivos para banc\u00e1rios e clientes, e da limpeza das m\u00e3os e locais de trabalho.<\/p>\n<h3>Afastamento e adoecimento de trabalho<\/h3>\n<p>O debate tamb\u00e9m abordou a quest\u00e3o dos procedimentos em caso de afastamento junto ao INSS e no retorno ao trabalho.<br \/>Diante de portaria emergencial emitida pela autarquia, \u00e9 concedido um benef\u00edcio provis\u00f3rio, que posterga a necessidade de per\u00edcia m\u00e9dica e a regulariza\u00e7\u00e3o da situa\u00e7\u00e3o do segurado. Para o secret\u00e1rio de Sa\u00fade do Trabalhador da Contraf-CUT, isto pode trazer preju\u00edzos ao trabalhador com a n\u00e3o caracteriza\u00e7\u00e3o de acidente ou doen\u00e7a do trabalho, o que pode impactar nos direitos \u00e0 estabilidade e recolhimento do FGTS. \u201cComo o benef\u00edcio \u00e9 de apenas um sal\u00e1rio m\u00ednimo, a nossa Conven\u00e7\u00e3o Coletiva de Trabalho (CCT) garante aos banc\u00e1rios a complementa\u00e7\u00e3o salarial pelos bancos, garantindo a manuten\u00e7\u00e3o da remunera\u00e7\u00e3o integral\u201d, explicou Mauro Salles.<\/p>\n<p>De acordo com o STF, a Covid-19 \u00e9 caracterizada como doen\u00e7a do trabalho. Para isso, \u00e9 importante guardar toda documenta\u00e7\u00e3o (laudos m\u00e9dicos; testes) e providenciar a emiss\u00e3o da Comunica\u00e7\u00e3o de Acidente do Trabalho (CAT).<\/p>\n<p>Quanto ao retorno ao trabalho, o Coletivo Nacional de Sa\u00fade dos Trabalhadores da Contraf-CUT solicitou aos bancos que a condi\u00e7\u00e3o seja garantida, caso o banc\u00e1rio n\u00e3o tenha condi\u00e7\u00e3o de voltar, atestado por seu m\u00e9dico assistente. Situa\u00e7\u00f5es como essas s\u00e3o avaliadas pelo m\u00e9dico do Programa de Controle M\u00e9dico de Sa\u00fade Ocupacional (PCMSO), por\u00e9m, como os exames est\u00e3o suspensos, os bancos devem garantir a perman\u00eancia dos banc\u00e1rios em afastamento do trabalho at\u00e9 que o exame seja realizado.<\/p>\n<h3>Sobrecarga<\/h3>\n<p>Outra preocupa\u00e7\u00e3o do Coletivo \u00e9 a sobrecarga de trabalho entre os banc\u00e1rios que est\u00e3o no atendimento presencial e em home office. \u201cEsses trabalhadores, muitas vezes, est\u00e3o com a jornada de trabalho acima do permitido por lei e as metas est\u00e3o sendo cobradas com rigor, sem tr\u00e9guas diante da pandemia\u201d, revelou Mauro Salles.<\/p>\n<p>O secret\u00e1rio de Sa\u00fade do Trabalhador da Contraf-CUT enfatizou a import\u00e2ncia de empatia nesse momento t\u00e3o delicado. \u201cO momento \u00e9 de solidariedade, democracia e paz para enfrentar a pandemia. Se preocupar com o pr\u00f3ximo, usar m\u00e1scara, ficar em casa sempre que poss\u00edvel, ajudar a quem precisa, assim a gente se cuida. O lucro n\u00e3o pode estar acima das pessoas, precisamos preservar as vidas\u201d, exclamou.<\/p>\n<p><strong>Fonte: Contraf-CUT<\/strong><\/p>\n<\/div>\n<\/div>\n","protected":false},"excerpt":{"rendered":"<p>O Coletivo Nacional de Sa\u00fade dos Banc\u00e1rios se reuniu na sexta-feira (8) para atualizar o debate sobre o enfrentamento \u00e0 pandemia causada pelo novo coronav\u00edrus. Os representantes da categoria banc\u00e1ria afirmam ser inaceit\u00e1vel o relaxamento das medidas protetivas, em um momento no qual os casos de Covid-19 est\u00e3o em franca ascens\u00e3o, e repudiam os descumprimentos [&hellip;]<\/p>\n","protected":false},"author":2,"featured_media":8863,"comment_status":"","ping_status":"","sticky":false,"template":"","format":"standard","meta":{"footnotes":""},"categories":[3],"tags":[],"class_list":["post-8864","post","type-post","status-publish","format-standard","has-post-thumbnail","hentry","category-noticias"],"_links":{"self":[{"href":"https:\/\/hostnetart.com.br\/baixada\/wp-json\/wp\/v2\/posts\/8864","targetHints":{"allow":["GET"]}}],"collection":[{"href":"https:\/\/hostnetart.com.br\/baixada\/wp-json\/wp\/v2\/posts"}],"about":[{"href":"https:\/\/hostnetart.com.br\/baixada\/wp-json\/wp\/v2\/types\/post"}],"author":[{"embeddable":true,"href":"https:\/\/hostnetart.com.br\/baixada\/wp-json\/wp\/v2\/users\/2"}],"replies":[{"embeddable":true,"href":"https:\/\/hostnetart.com.br\/baixada\/wp-json\/wp\/v2\/comments?post=8864"}],"version-history":[{"count":0,"href":"https:\/\/hostnetart.com.br\/baixada\/wp-json\/wp\/v2\/posts\/8864\/revisions"}],"wp:featuredmedia":[{"embeddable":true,"href":"https:\/\/hostnetart.com.br\/baixada\/wp-json\/wp\/v2\/media\/8863"}],"wp:attachment":[{"href":"https:\/\/hostnetart.com.br\/baixada\/wp-json\/wp\/v2\/media?parent=8864"}],"wp:term":[{"taxonomy":"category","embeddable":true,"href":"https:\/\/hostnetart.com.br\/baixada\/wp-json\/wp\/v2\/categories?post=8864"},{"taxonomy":"post_tag","embeddable":true,"href":"https:\/\/hostnetart.com.br\/baixada\/wp-json\/wp\/v2\/tags?post=8864"}],"curies":[{"name":"wp","href":"https:\/\/api.w.org\/{rel}","templated":true}]}}