{"id":8862,"date":"2020-05-11T23:13:28","date_gmt":"2020-05-12T02:13:28","guid":{"rendered":"https:\/\/hostnetart.com.br\/baixada\/contraf-cut-reitera-respeito-aos-empregados-da-caixa\/"},"modified":"2020-05-11T23:13:28","modified_gmt":"2020-05-12T02:13:28","slug":"contraf-cut-reitera-respeito-aos-empregados-da-caixa","status":"publish","type":"post","link":"https:\/\/hostnetart.com.br\/baixada\/contraf-cut-reitera-respeito-aos-empregados-da-caixa\/","title":{"rendered":"Contraf-CUT reitera respeito aos empregados da Caixa"},"content":{"rendered":"<p>Diante do atual cen\u00e1rio de constante evolu\u00e7\u00e3o da pandemia coronav\u00edrus (Covid-19) no Brasil e das filas que se formam nas portas das ag\u00eancias da Caixa por conta do pagamento o aux\u00edlio emergencial, Confedera\u00e7\u00e3o Nacional dos Trabalhadores do Ramo Financeiro (Contraf-CUT), assessorada pela Comiss\u00e3o Executiva dos Empregados da Caixa Econ\u00f4mica Federal (CEE\/Caixa), enviou <a href=\"https:\/\/contrafcut.com.br\/wp-content\/uploads\/2020\/05\/of-07020.pdf?x15705\" target=\"_blank\" rel=\"noopener noreferrer\">um of\u00edcio<\/a> na noite desta sexta-feira \u00e0 dire\u00e7\u00e3o da Caixa para reiterar algumas reivindica\u00e7\u00f5es que j\u00e1 haviam sido feito no documento enviado no dia 16 de abril.<\/p>\n<p> Entre as requisi\u00e7\u00f5es est\u00e1 a imediata contrata\u00e7\u00e3o dos aprovados que constam do cadastro reserva do concurso de 2014, bem como a efetiva\u00e7\u00e3o dos empregados admitidos na Caixa por via de liminar ou de decis\u00e3o judicial n\u00e3o transitada em julgado. \u201cA efetiva\u00e7\u00e3o dos colegas que j\u00e1 trabalham na empresa bem como a contrata\u00e7\u00e3o de novos empregados ajudaria a dar folego no atendimento e consequentemente proporcionaria melhor condi\u00e7\u00f5es de trabalho para todos. \u00c9 pauta nossas essas contrata\u00e7\u00f5es. E temos o slogan: Mais empregados pra Caixa, mais Caixa para o Brasil\u201d, enfatiza Fabiana Uehara Proscholdt, secret\u00e1ria da Cultura e representante da Contraf-CUT nas negocia\u00e7\u00f5es com o banco.<\/p>\n<p>A Contraf-CUT cobra tamb\u00e9m maior planejamento quanto ao atendimento nas ag\u00eancias, al\u00e9m do funcionamento adequado do aplicativo do aux\u00edlio emergencial. \u201c\u00c9 necess\u00e1rio que a Caixa articule a log\u00edstica de atendimento e solicite a descentraliza\u00e7\u00e3o do pagamento do aux\u00edlio emergencial, al\u00e9m de estabelecer o calend\u00e1rio de pagamento da segunda parcela do aux\u00edlio emergencial\u201d, justifica Fabiana que tamb\u00e9m \u00e9 empregada da Caixa. \u201cOutras articula\u00e7\u00f5es locais poder\u00e3o garantir maior planejamento e melhorar as condi\u00e7\u00f5es de atendimento na Caixa, com postos de triagem e distribui\u00e7\u00e3o de senhas, tendas, policiamento preventivo, banheiros qu\u00edmicos, dentre outras iniciativas a possibilitar o melhor acolhimento da popula\u00e7\u00e3o\u201d, completou.<\/p>\n<p> Outra reivindica\u00e7\u00e3o \u00e9 que que o seguro-desemprego e o benef\u00edcio emergencial de preserva\u00e7\u00e3o do emprego e renda sejam creditados em conta corrente. O texto repassa ainda as den\u00fancias de falta de numer\u00e1rios em diversas ag\u00eancias.<\/p>\n<p> A Confedera\u00e7\u00e3o lembra tamb\u00e9m que, nos termos da legisla\u00e7\u00e3o vigente, o trabalho realizado em feriados deve ser remunerado em dobro. E, quanto \u00e0 jornada de trabalho, \u00e9 imprescind\u00edvel que a Caixa emita orienta\u00e7\u00e3o aos empregados e aos gestores para o adequado registro de ponto. \u201cA Caixa necessita reconhecer e respeitar os(as) empregados(as), que se arriscam nos atendimentos e se esforcem a melhor atender as demandas extraordin\u00e1rias do COVID-19, assim, solicitamos que todas as horas extras realizadas por esses empregados sejam remuneradas em 100%\u201d, finaliza Fabiana.<\/p>\n<p><strong>Fonte: Contraf-CUT<\/strong><\/p>\n","protected":false},"excerpt":{"rendered":"<p>Diante do atual cen\u00e1rio de constante evolu\u00e7\u00e3o da pandemia coronav\u00edrus (Covid-19) no Brasil e das filas que se formam nas portas das ag\u00eancias da Caixa por conta do pagamento o aux\u00edlio emergencial, Confedera\u00e7\u00e3o Nacional dos Trabalhadores do Ramo Financeiro (Contraf-CUT), assessorada pela Comiss\u00e3o Executiva dos Empregados da Caixa Econ\u00f4mica Federal (CEE\/Caixa), enviou um of\u00edcio na [&hellip;]<\/p>\n","protected":false},"author":2,"featured_media":8861,"comment_status":"","ping_status":"","sticky":false,"template":"","format":"standard","meta":{"footnotes":""},"categories":[3],"tags":[],"class_list":["post-8862","post","type-post","status-publish","format-standard","has-post-thumbnail","hentry","category-noticias"],"_links":{"self":[{"href":"https:\/\/hostnetart.com.br\/baixada\/wp-json\/wp\/v2\/posts\/8862","targetHints":{"allow":["GET"]}}],"collection":[{"href":"https:\/\/hostnetart.com.br\/baixada\/wp-json\/wp\/v2\/posts"}],"about":[{"href":"https:\/\/hostnetart.com.br\/baixada\/wp-json\/wp\/v2\/types\/post"}],"author":[{"embeddable":true,"href":"https:\/\/hostnetart.com.br\/baixada\/wp-json\/wp\/v2\/users\/2"}],"replies":[{"embeddable":true,"href":"https:\/\/hostnetart.com.br\/baixada\/wp-json\/wp\/v2\/comments?post=8862"}],"version-history":[{"count":0,"href":"https:\/\/hostnetart.com.br\/baixada\/wp-json\/wp\/v2\/posts\/8862\/revisions"}],"wp:featuredmedia":[{"embeddable":true,"href":"https:\/\/hostnetart.com.br\/baixada\/wp-json\/wp\/v2\/media\/8861"}],"wp:attachment":[{"href":"https:\/\/hostnetart.com.br\/baixada\/wp-json\/wp\/v2\/media?parent=8862"}],"wp:term":[{"taxonomy":"category","embeddable":true,"href":"https:\/\/hostnetart.com.br\/baixada\/wp-json\/wp\/v2\/categories?post=8862"},{"taxonomy":"post_tag","embeddable":true,"href":"https:\/\/hostnetart.com.br\/baixada\/wp-json\/wp\/v2\/tags?post=8862"}],"curies":[{"name":"wp","href":"https:\/\/api.w.org\/{rel}","templated":true}]}}