{"id":886,"date":"2014-03-21T00:00:00","date_gmt":"2014-03-21T03:00:00","guid":{"rendered":"https:\/\/hostnetart.com.br\/baixada\/nova-pesquisa-nacional-sobre-ataques-a-bancos-sera-lancada-nesta-sexta\/"},"modified":"2014-03-21T00:00:00","modified_gmt":"2014-03-21T03:00:00","slug":"nova-pesquisa-nacional-sobre-ataques-a-bancos-sera-lancada-nesta-sexta","status":"publish","type":"post","link":"https:\/\/hostnetart.com.br\/baixada\/nova-pesquisa-nacional-sobre-ataques-a-bancos-sera-lancada-nesta-sexta\/","title":{"rendered":"Nova pesquisa nacional sobre ataques a bancos ser\u00e1 lan\u00e7ada nesta sexta"},"content":{"rendered":"<p>A Contraf-CUT, a Confedera\u00e7\u00e3o Nacional dos Vigilantes (CNTV) e a Federa\u00e7\u00e3o dos Vigilantes do Paran\u00e1 (Fetravisp) lan\u00e7am nesta sexta-feira, dia 21, \u00e0s 10 horas, em S\u00e3o Paulo, a nova pesquisa nacional de ataques a bancos referente ao ano de 2013.<\/p>\n<p>Haver\u00e1 entrevista coletiva \u00e0 imprensa, na sede da Contraf-CUT, na Rua L\u00edbero Badar\u00f3, 158 \u2013 1\u00ba andar, em frente \u00e0 Prefeitura Municipal, no centro da capital paulista, quando ser\u00e3o apresentados e analisados os n\u00fameros.<\/p>\n<p>A pesquisa, elaborada com apoio t\u00e9cnico do Dieese, \u00e9 realizada desde 2011, com base em not\u00edcias da imprensa, estat\u00edsticas dispon\u00edveis de secretarias de seguran\u00e7a p\u00fablica dos estados e informa\u00e7\u00f5es de sindicatos de banc\u00e1rios e vigilantes de todo o pa\u00eds.<\/p>\n<p>O levantamento registra os ataques a bancos, consumados ou n\u00e3o. Os dados ser\u00e3o divididos em dois tipos de ocorr\u00eancias: assaltos, incluindo sequestros, e arrombamentos, incluindo as explos\u00f5es de caixas eletr\u00f4nicos. Os ataques ser\u00e3o tamb\u00e9m apresentados por estados e regi\u00f5es do pa\u00eds.<\/p>\n<p>Para a Contraf-CUT, a CNTV e a Fetravisp, mais do que n\u00fameros preocupantes da viol\u00eancia, trata-se de um retrato da falta de investimentos dos bancos para garantir mais seguran\u00e7a nas ag\u00eancias e postos de atendimento e proteger a vida de banc\u00e1rio s, de vigilantes, de clientes e da popula\u00e7\u00e3o.<\/p>\n<p>Fonte: Contraf-CUT<\/p>\n","protected":false},"excerpt":{"rendered":"<p>A Contraf-CUT, a Confedera\u00e7\u00e3o Nacional dos Vigilantes (CNTV) e a Federa\u00e7\u00e3o dos Vigilantes do Paran\u00e1 (Fetravisp) lan\u00e7am nesta sexta-feira, dia 21, \u00e0s 10 horas, em S\u00e3o Paulo, a nova pesquisa nacional de ataques a bancos referente ao ano de 2013. Haver\u00e1 entrevista coletiva \u00e0 imprensa, na sede da Contraf-CUT, na Rua L\u00edbero Badar\u00f3, 158 \u2013 [&hellip;]<\/p>\n","protected":false},"author":1,"featured_media":0,"comment_status":"","ping_status":"","sticky":false,"template":"","format":"standard","meta":{"footnotes":""},"categories":[3],"tags":[],"class_list":["post-886","post","type-post","status-publish","format-standard","hentry","category-noticias"],"_links":{"self":[{"href":"https:\/\/hostnetart.com.br\/baixada\/wp-json\/wp\/v2\/posts\/886","targetHints":{"allow":["GET"]}}],"collection":[{"href":"https:\/\/hostnetart.com.br\/baixada\/wp-json\/wp\/v2\/posts"}],"about":[{"href":"https:\/\/hostnetart.com.br\/baixada\/wp-json\/wp\/v2\/types\/post"}],"author":[{"embeddable":true,"href":"https:\/\/hostnetart.com.br\/baixada\/wp-json\/wp\/v2\/users\/1"}],"replies":[{"embeddable":true,"href":"https:\/\/hostnetart.com.br\/baixada\/wp-json\/wp\/v2\/comments?post=886"}],"version-history":[{"count":0,"href":"https:\/\/hostnetart.com.br\/baixada\/wp-json\/wp\/v2\/posts\/886\/revisions"}],"wp:attachment":[{"href":"https:\/\/hostnetart.com.br\/baixada\/wp-json\/wp\/v2\/media?parent=886"}],"wp:term":[{"taxonomy":"category","embeddable":true,"href":"https:\/\/hostnetart.com.br\/baixada\/wp-json\/wp\/v2\/categories?post=886"},{"taxonomy":"post_tag","embeddable":true,"href":"https:\/\/hostnetart.com.br\/baixada\/wp-json\/wp\/v2\/tags?post=886"}],"curies":[{"name":"wp","href":"https:\/\/api.w.org\/{rel}","templated":true}]}}